{"id":1390,"date":"2021-05-02T16:00:42","date_gmt":"2021-05-02T21:00:42","guid":{"rendered":"https:\/\/andennaturals.com\/blog\/?p=1390"},"modified":"2022-01-12T15:50:30","modified_gmt":"2022-01-12T20:50:30","slug":"el-cannabis-de-uso-medicinal-ha-sido-lo-mejor-que-le-ha-pasado-a-mi-hija","status":"publish","type":"post","link":"https:\/\/andennaturals.com\/blog\/evidencia\/el-cannabis-de-uso-medicinal-ha-sido-lo-mejor-que-le-ha-pasado-a-mi-hija\/","title":{"rendered":"\u201cEl cannabis de uso medicinal ha sido lo mejor que le ha pasado a mi hija\u201d"},"content":{"rendered":"\n<p><strong>Maritza Belleza es una madre de familia que hace cuatro a\u00f1os conoci\u00f3 esta terapia. Una displasia cerebral amenazaba la vida de su hija, pero gracias al cannabis de uso medicinal ahora controla sus crisis epil\u00e9pticas y empieza a mirar el futuro con otros ojos.&nbsp;&nbsp;&nbsp;<\/strong><\/p>\n\n\n\n<div style=\"height:20px\" aria-hidden=\"true\" class=\"wp-block-spacer\"><\/div>\n\n\n\n<p>La peque\u00f1a Dayana llama a su mam\u00e1 con insistencia: \u201cMaritza, ap\u00farate. No te demores\u201d, escuchamos que le dice a trav\u00e9s de la l\u00ednea telef\u00f3nica. Es tiempo de jugar. La se\u00f1ora Maritza Belleza (45) se acerca a su hija y le pregunta si quiere algo de comer. En unas horas m\u00e1s, Dayana (12) deber\u00e1 tomar su dosis diaria de cannabis de uso medicinal. Es una rutina que ha venido siguiendo desde el 2016. \u201cEste tratamiento le cambi\u00f3 la vida a mi ni\u00f1a\u201d, cuenta.&nbsp;&nbsp;<\/p>\n\n\n\n<div style=\"height:20px\" aria-hidden=\"true\" class=\"wp-block-spacer\"><\/div>\n\n\n\n<p>Antes de usar este producto, Maritza viv\u00eda corriendo entre pasillos de hospitales. La peque\u00f1a sufr\u00eda decenas de violentas convulsiones al d\u00eda, causadas por una displasia cerebral. \u201cDayana viv\u00eda postrada. No pod\u00eda comer, ni dormir. Todo cambi\u00f3 cuando conoc\u00ed el cannabis de uso medicinal. Ahora mi hija come normal, se comunica, juega. Es otra persona\u201d, explica.&nbsp;&nbsp;<\/p>\n\n\n\n<div style=\"height:20px\" aria-hidden=\"true\" class=\"wp-block-spacer\"><\/div>\n\n\n\n<p>Su m\u00e9dico, el doctor Peter G\u00e1mez, le atribuye este cambio a las propiedades anticonvulsivantes, antiinflamatorias y neuroprotectoras del Cannabidiol (CBD), el componente no psicoactivo de la planta, que ha ayudado a miles de ni\u00f1os a controlar sus crisis epil\u00e9pticas. \u201cEl tema de los ataques ya est\u00e1 controlado. Ahora el manejo debe ir m\u00e1s all\u00e1, y complementarse con terapias y otros est\u00edmulos para que Dayana pueda seguir mejorando\u201d, se\u00f1ala el experto de la Sociedad M\u00e9dica de Cannabis del Per\u00fa.&nbsp;<\/p>\n\n\n\n<div style=\"height:20px\" aria-hidden=\"true\" class=\"wp-block-spacer\"><\/div>\n\n\n\n<p>Para Maritza, el cannabis de uso medicinal fue un gran hallazgo. Por eso, a trav\u00e9s de su asociaci\u00f3n Dashana Medicina Artesanal y como activista de la Federaci\u00f3n de Cannabis Medicinal del Per\u00fa (Fecame), quiere ayudar a otros padres a conocer esta terapia.<\/p>\n\n\n\n<div style=\"height:20px\" aria-hidden=\"true\" class=\"wp-block-spacer\"><\/div>\n\n\n\n<p><strong>\u00bfC\u00f3mo fue su primer acercamiento con el cannabis de uso medicinal?&nbsp;<\/strong><\/p>\n\n\n\n<p>Conoc\u00ed el tratamiento en un momento de desesperaci\u00f3n, justo cuando a Dayana le bloquean la atenci\u00f3n en el Seguro Integral de Salud (SIS). Era el 2016 y reci\u00e9n le hab\u00edan diagnosticado la displasia cerebral. Los m\u00e9dicos del SIS le hicieron varios estudios y recomendaron hacerle una cirug\u00eda, donde le extirpar\u00edan una parte del cerebro. Era la \u00fanica soluci\u00f3n que ve\u00edan para detener sus convulsiones. Todo ya estaba listo, pero al final decidieron no operarla porque mi esposo fue contratado por una empresa, y pas\u00f3 al r\u00e9gimen de Essalud. Nos dijeron que no pod\u00edamos tener dos seguros. Deb\u00edamos atenderla bajo el nuevo r\u00e9gimen.&nbsp;<\/p>\n\n\n\n<div style=\"height:20px\" aria-hidden=\"true\" class=\"wp-block-spacer\"><\/div>\n\n\n\n<p><strong>\u00bfQu\u00e9 sucedi\u00f3 cuando le dieron esa mala noticia?&nbsp;<\/strong><\/p>\n\n\n\n<p>Como madre uno entra en desesperaci\u00f3n. Mi ni\u00f1a se encontraba muy mal, abatida por las convulsiones. Viv\u00eda postrada en cama, no com\u00eda, no dorm\u00eda, no hablaba. Sus crisis eran cada vez peores. Ten\u00eda que salvarla. Para los m\u00e9dicos era poco lo que se pod\u00eda hacer, pero la operaci\u00f3n era mi \u00fanica esperanza en ese momento. Por eso fui a llorar a la central del SIS para que pudieran intervenir a mi hija. Me parec\u00eda injusto que despu\u00e9s de todo lo que se hab\u00eda logrado para hacer la operaci\u00f3n, de un momento a otro se la negaran. En medio de toda esa incertidumbre, mi esposo me habla del cannabis. Dijo que hab\u00eda escuchado del tema en las noticias, y que pod\u00eda ser una opci\u00f3n para Dayana.&nbsp;<\/p>\n\n\n\n<div style=\"height:20px\" aria-hidden=\"true\" class=\"wp-block-spacer\"><\/div>\n\n\n\n<p><strong>\u00bfQu\u00e9 imagen ten\u00eda del cannabis en esa \u00e9poca?&nbsp;&nbsp;<\/strong><\/p>\n\n\n\n<p>Cuando mi esposo me habl\u00f3 del tema, me asust\u00e9. Siempre pens\u00e9 que era algo malo y peligroso. Ten\u00eda la err\u00f3nea idea de que mi hija pod\u00eda sufrir alguna adicci\u00f3n si lo tomaba. Cuando empec\u00e9 a investigar el tema, me junt\u00e9 con una asociaci\u00f3n de padres que luchaba por sacar una ley de cannabis de uso medicinal en el Per\u00fa. Ah\u00ed pude contactarme con una terapeuta colombiana, que me entreg\u00f3 el primer frasco de aceite de cannabis. Se lo di a mi hija con mucho temor. Sin embargo, todo lo puse en manos de Dios. Ya hab\u00eda hecho de todo para intentar detener su sufrimiento. Nada peor pod\u00eda pasar.<\/p>\n\n\n\n<div style=\"height:20px\" aria-hidden=\"true\" class=\"wp-block-spacer\"><\/div>\n\n\n\n<p><strong>\u00bfC\u00f3mo fue la reacci\u00f3n de Dayana cuando empez\u00f3 a tomar cannabis de uso medicinal?&nbsp;<\/strong><\/p>\n\n\n\n<p>Fue incre\u00edble. Con una sola gota, Dayana pudo dormir placenteramente despu\u00e9s de muchos d\u00edas. Antes del cannabis ella no descansaba debido a las convulsiones. Me sorprend\u00ed. A medida que pasaba el tiempo, los cambios eran m\u00e1s notorios. Dej\u00f3 de usar pa\u00f1ales y ya no depend\u00eda de sondas para alimentarse. Comenz\u00f3 a comer frutas, algo que nunca hab\u00eda hecho. En apenas seis meses los cambios fueron radicales.&nbsp;&nbsp;<\/p>\n\n\n\n<div style=\"height:20px\" aria-hidden=\"true\" class=\"wp-block-spacer\"><\/div>\n\n\n\n<p><strong>\u00bfC\u00f3mo ha ido evolucionando su hija en estos siete a\u00f1os de tratamiento con cannabis?&nbsp;<\/strong><\/p>\n\n\n\n<p>Dayana ha cambiado en todo sentido. Es una ni\u00f1a m\u00e1s l\u00facida, est\u00e1 m\u00e1s conectada y m\u00e1s sociable con la familia. Ella tomaba al principio m\u00e1s de nueve medicamentos para controlar las convulsiones. Ahora solo toma dos, pero ya estamos tratando de reducirlos. La displasia cerebral la afect\u00f3 desde muy peque\u00f1a. Desde los seis meses de nacida vivi\u00f3 internada en hospitales debido a sus graves crisis. Todo eso afect\u00f3 su desarrollo cognitivo y psicomotor. Sin embargo, el cannabis de uso medicinal le ha dado una nueva oportunidad.&nbsp;<\/p>\n\n\n\n<div style=\"height:20px\" aria-hidden=\"true\" class=\"wp-block-spacer\"><\/div>\n\n\n\n<p><strong>\u00bfHa vuelto a ser internada?&nbsp;<\/strong><\/p>\n\n\n\n<p>Desde que toma cannabis Dayana no ha ido a hospitales. Es incre\u00edble. Antes \u00edbamos de emergencia cada mes y medio para tratar de controlar sus crisis. Pero ya no es necesario. De tener m\u00e1s de 50 crisis epil\u00e9pticas al d\u00eda, ahora hace una al mes y a veces nada. Ahora, con su m\u00e9dico, el doctor Peter G\u00e1mez, estamos analizando los pr\u00f3ximos pasos a seguir.&nbsp;&nbsp;<\/p>\n\n\n\n<div style=\"height:20px\" aria-hidden=\"true\" class=\"wp-block-spacer\"><\/div>\n\n\n\n<p><strong>\u00bfC\u00f3mo ve el futuro de Dayana con esta nueva oportunidad que le da el cannabis de uso medicinal?&nbsp;<\/strong><\/p>\n\n\n\n<p>Yo creo que el cannabis le va a seguir ayudando en su vida. Antes de la pandemia, Dayana estuvo tomando clases, aprendiendo colores, a pintar. La idea es que empiece a desarrollar poco a poco el aspecto psicomotor y cognitivo, que se retras\u00f3 debido a las convulsiones. Como madre, mi lucha ahora es que mi hija siga mejorando y que el gobierno ampl\u00ede la ley del cannabis de uso medicinal. El Cannabidiol es un milagro para muchas familias, pero hay casos que requieren tambi\u00e9n otros principios activos como el Tetrahidrocannabinol (THC). Necesitamos todos los beneficios que pueda darnos la planta.&nbsp;&nbsp;<\/p>\n\n\n\n<div style=\"height:20px\" aria-hidden=\"true\" class=\"wp-block-spacer\"><\/div>\n\n\n\n<p><strong>\u00bfQu\u00e9 consejo les dar\u00eda a aquellas familias que a\u00fan tienen temores o prejuicios de usar el cannabis de uso medicinal para aliviar las dolencias de sus hijos?&nbsp;<\/strong><\/p>\n\n\n\n<p>Que no teman, ni les nieguen a sus hijos la oportunidad de tener una mejor calidad de vida. El cannabis de uso medicinal ha sido lo mejor que le ha pasado a mi hija. Yo soy testigo del cambio. Muchas personas conocieron a Dayana por los reportajes, cuando iba desesperada a los hospitales, tocando puertas para poder operarla. Ahora, se sorprenden al verla. Mi hija est\u00e1 inspirando a muchos pacientes. Por eso, mi vida la estoy dedicando a eso, a ayudar y aconsejar a otros padres que como yo buscan una esperanza para sus hijos.&nbsp;<br><strong><br><\/strong><\/p>\n","protected":false},"excerpt":{"rendered":"<p>Maritza Belleza es una madre de familia que hace cuatro a\u00f1os conoci\u00f3 esta terapia. Una displasia cerebral amenazaba la vida de su hija, pero gracias al cannabis de uso medicinal ahora controla sus crisis epil\u00e9pticas y empieza a mirar el futuro con otros ojos.&nbsp;&nbsp;&nbsp; La peque\u00f1a Dayana llama a su<\/p>\n","protected":false},"author":16,"featured_media":1423,"comment_status":"closed","ping_status":"closed","sticky":false,"template":"","format":"standard","meta":{"_coblocks_attr":"","_coblocks_dimensions":"","_coblocks_responsive_height":"","_coblocks_accordion_ie_support":"","_uag_custom_page_level_css":"","episode_type":"","audio_file":"","cover_image":"","cover_image_id":"","duration":"","filesize":"","date_recorded":"","explicit":"","block":"","filesize_raw":"","footnotes":""},"categories":[4],"tags":[213,214,219,226,210,215,211,234,212,231,230,227,223,228,238,217,229,233,222],"yoast_head":"<!-- This site is optimized with the Yoast SEO plugin v21.3 - https:\/\/yoast.com\/wordpress\/plugins\/seo\/ -->\n<title>\u201cEl cannabis de uso medicinal ha sido lo mejor que le ha pasado a mi hija\u201d - ANDEN - Naturals<\/title>\n<meta name=\"robots\" content=\"index, follow, max-snippet:-1, max-image-preview:large, max-video-preview:-1\" \/>\n<link rel=\"canonical\" href=\"https:\/\/andennaturals.com\/blog\/evidencia\/el-cannabis-de-uso-medicinal-ha-sido-lo-mejor-que-le-ha-pasado-a-mi-hija\/\" \/>\n<meta property=\"og:locale\" content=\"es_ES\" \/>\n<meta property=\"og:type\" content=\"article\" \/>\n<meta property=\"og:title\" content=\"\u201cEl cannabis de uso medicinal ha sido lo mejor que le ha pasado a mi hija\u201d - ANDEN - Naturals\" \/>\n<meta property=\"og:description\" content=\"Maritza Belleza es una madre de familia que hace cuatro a\u00f1os conoci\u00f3 esta terapia. Una displasia cerebral amenazaba la vida de su hija, pero gracias al cannabis de uso medicinal ahora controla sus crisis epil\u00e9pticas y empieza a mirar el futuro con otros ojos.&nbsp;&nbsp;&nbsp; La peque\u00f1a Dayana llama a su\" \/>\n<meta property=\"og:url\" content=\"https:\/\/andennaturals.com\/blog\/evidencia\/el-cannabis-de-uso-medicinal-ha-sido-lo-mejor-que-le-ha-pasado-a-mi-hija\/\" \/>\n<meta property=\"og:site_name\" content=\"ANDEN - Naturals\" \/>\n<meta property=\"article:published_time\" content=\"2021-05-02T21:00:42+00:00\" \/>\n<meta property=\"article:modified_time\" content=\"2022-01-12T20:50:30+00:00\" \/>\n<meta property=\"og:image\" content=\"https:\/\/andennaturals.com\/blog\/wp-content\/uploads\/2021\/05\/Copia-de-Sin-ti\u0301tulo-10.png\" \/>\n\t<meta property=\"og:image:width\" content=\"500\" \/>\n\t<meta property=\"og:image:height\" content=\"500\" \/>\n\t<meta property=\"og:image:type\" content=\"image\/png\" \/>\n<meta name=\"author\" content=\"Anden Naturals\" \/>\n<meta name=\"twitter:card\" content=\"summary_large_image\" \/>\n<meta name=\"twitter:label1\" content=\"Escrito por\" \/>\n\t<meta name=\"twitter:data1\" content=\"Anden Naturals\" \/>\n\t<meta name=\"twitter:label2\" content=\"Tiempo de lectura\" \/>\n\t<meta name=\"twitter:data2\" content=\"6 minutos\" \/>\n<script type=\"application\/ld+json\" class=\"yoast-schema-graph\">{\"@context\":\"https:\/\/schema.org\",\"@graph\":[{\"@type\":\"Article\",\"@id\":\"https:\/\/andennaturals.com\/blog\/evidencia\/el-cannabis-de-uso-medicinal-ha-sido-lo-mejor-que-le-ha-pasado-a-mi-hija\/#article\",\"isPartOf\":{\"@id\":\"https:\/\/andennaturals.com\/blog\/evidencia\/el-cannabis-de-uso-medicinal-ha-sido-lo-mejor-que-le-ha-pasado-a-mi-hija\/\"},\"author\":{\"name\":\"Anden Naturals\",\"@id\":\"https:\/\/andennaturals.com\/blog\/#\/schema\/person\/2e09f934230a083175782a6a1dd4298b\"},\"headline\":\"\u201cEl cannabis de uso medicinal ha sido lo mejor que le ha pasado a mi hija\u201d\",\"datePublished\":\"2021-05-02T21:00:42+00:00\",\"dateModified\":\"2022-01-12T20:50:30+00:00\",\"mainEntityOfPage\":{\"@id\":\"https:\/\/andennaturals.com\/blog\/evidencia\/el-cannabis-de-uso-medicinal-ha-sido-lo-mejor-que-le-ha-pasado-a-mi-hija\/\"},\"wordCount\":1285,\"publisher\":{\"@id\":\"https:\/\/andennaturals.com\/blog\/#organization\"},\"keywords\":[\"anden\",\"anden naturals\",\"anden per\u00fa\",\"aplicaciones del cannabis\",\"cannabis\",\"cannabis en per\u00fa\",\"cannabis medicinal\",\"cannabonide\",\"cbd\",\"dolor cr\u00f3nico\",\"epilepsia\",\"fibromialgia\",\"industria del cannabis\",\"insomnio\",\"Maritza Belleza\",\"medicina alternativa\",\"n\u00e1useas\",\"propiedades medicinales del cannabis\",\"prop\u00f3sito\"],\"articleSection\":[\"Evidencia\"],\"inLanguage\":\"es\"},{\"@type\":\"WebPage\",\"@id\":\"https:\/\/andennaturals.com\/blog\/evidencia\/el-cannabis-de-uso-medicinal-ha-sido-lo-mejor-que-le-ha-pasado-a-mi-hija\/\",\"url\":\"https:\/\/andennaturals.com\/blog\/evidencia\/el-cannabis-de-uso-medicinal-ha-sido-lo-mejor-que-le-ha-pasado-a-mi-hija\/\",\"name\":\"\u201cEl cannabis de uso medicinal ha sido lo mejor que le ha pasado a mi hija\u201d - ANDEN - Naturals\",\"isPartOf\":{\"@id\":\"https:\/\/andennaturals.com\/blog\/#website\"},\"datePublished\":\"2021-05-02T21:00:42+00:00\",\"dateModified\":\"2022-01-12T20:50:30+00:00\",\"breadcrumb\":{\"@id\":\"https:\/\/andennaturals.com\/blog\/evidencia\/el-cannabis-de-uso-medicinal-ha-sido-lo-mejor-que-le-ha-pasado-a-mi-hija\/#breadcrumb\"},\"inLanguage\":\"es\",\"potentialAction\":[{\"@type\":\"ReadAction\",\"target\":[\"https:\/\/andennaturals.com\/blog\/evidencia\/el-cannabis-de-uso-medicinal-ha-sido-lo-mejor-que-le-ha-pasado-a-mi-hija\/\"]}]},{\"@type\":\"BreadcrumbList\",\"@id\":\"https:\/\/andennaturals.com\/blog\/evidencia\/el-cannabis-de-uso-medicinal-ha-sido-lo-mejor-que-le-ha-pasado-a-mi-hija\/#breadcrumb\",\"itemListElement\":[{\"@type\":\"ListItem\",\"position\":1,\"name\":\"Inicio\",\"item\":\"https:\/\/andennaturals.com\/blog\/\"},{\"@type\":\"ListItem\",\"position\":2,\"name\":\"Evidencia\",\"item\":\"https:\/\/andennaturals.com\/blog\/category\/evidencia\/\"},{\"@type\":\"ListItem\",\"position\":3,\"name\":\"\u201cEl cannabis de uso medicinal ha sido lo mejor que le ha pasado a mi hija\u201d\"}]},{\"@type\":\"WebSite\",\"@id\":\"https:\/\/andennaturals.com\/blog\/#website\",\"url\":\"https:\/\/andennaturals.com\/blog\/\",\"name\":\"ANDEN - Naturals\",\"description\":\"Una descripci\u00f3n del sitio web\",\"publisher\":{\"@id\":\"https:\/\/andennaturals.com\/blog\/#organization\"},\"potentialAction\":[{\"@type\":\"SearchAction\",\"target\":{\"@type\":\"EntryPoint\",\"urlTemplate\":\"https:\/\/andennaturals.com\/blog\/?s={search_term_string}\"},\"query-input\":\"required name=search_term_string\"}],\"inLanguage\":\"es\"},{\"@type\":\"Organization\",\"@id\":\"https:\/\/andennaturals.com\/blog\/#organization\",\"name\":\"ANDEN - Naturals\",\"url\":\"https:\/\/andennaturals.com\/blog\/\",\"logo\":{\"@type\":\"ImageObject\",\"inLanguage\":\"es\",\"@id\":\"https:\/\/andennaturals.com\/blog\/#\/schema\/logo\/image\/\",\"url\":\"https:\/\/andennaturals.com\/blog\/wp-content\/uploads\/2021\/04\/logo.svg\",\"contentUrl\":\"https:\/\/andennaturals.com\/blog\/wp-content\/uploads\/2021\/04\/logo.svg\",\"caption\":\"ANDEN - Naturals\"},\"image\":{\"@id\":\"https:\/\/andennaturals.com\/blog\/#\/schema\/logo\/image\/\"}},{\"@type\":\"Person\",\"@id\":\"https:\/\/andennaturals.com\/blog\/#\/schema\/person\/2e09f934230a083175782a6a1dd4298b\",\"name\":\"Anden Naturals\",\"image\":{\"@type\":\"ImageObject\",\"inLanguage\":\"es\",\"@id\":\"https:\/\/andennaturals.com\/blog\/#\/schema\/person\/image\/\",\"url\":\"https:\/\/secure.gravatar.com\/avatar\/2436310e2e3a6ebc8d06c54c27e19d21?s=96&d=mm&r=g\",\"contentUrl\":\"https:\/\/secure.gravatar.com\/avatar\/2436310e2e3a6ebc8d06c54c27e19d21?s=96&d=mm&r=g\",\"caption\":\"Anden Naturals\"},\"url\":\"https:\/\/andennaturals.com\/blog\/author\/anden-naturals\/\"}]}<\/script>\n<!-- \/ Yoast SEO plugin. -->","yoast_head_json":{"title":"\u201cEl cannabis de uso medicinal ha sido lo mejor que le ha pasado a mi hija\u201d - ANDEN - Naturals","robots":{"index":"index","follow":"follow","max-snippet":"max-snippet:-1","max-image-preview":"max-image-preview:large","max-video-preview":"max-video-preview:-1"},"canonical":"https:\/\/andennaturals.com\/blog\/evidencia\/el-cannabis-de-uso-medicinal-ha-sido-lo-mejor-que-le-ha-pasado-a-mi-hija\/","og_locale":"es_ES","og_type":"article","og_title":"\u201cEl cannabis de uso medicinal ha sido lo mejor que le ha pasado a mi hija\u201d - ANDEN - Naturals","og_description":"Maritza Belleza es una madre de familia que hace cuatro a\u00f1os conoci\u00f3 esta terapia. Una displasia cerebral amenazaba la vida de su hija, pero gracias al cannabis de uso medicinal ahora controla sus crisis epil\u00e9pticas y empieza a mirar el futuro con otros ojos.&nbsp;&nbsp;&nbsp; La peque\u00f1a Dayana llama a su","og_url":"https:\/\/andennaturals.com\/blog\/evidencia\/el-cannabis-de-uso-medicinal-ha-sido-lo-mejor-que-le-ha-pasado-a-mi-hija\/","og_site_name":"ANDEN - Naturals","article_published_time":"2021-05-02T21:00:42+00:00","article_modified_time":"2022-01-12T20:50:30+00:00","og_image":[{"width":500,"height":500,"url":"https:\/\/andennaturals.com\/blog\/wp-content\/uploads\/2021\/05\/Copia-de-Sin-ti\u0301tulo-10.png","type":"image\/png"}],"author":"Anden Naturals","twitter_card":"summary_large_image","twitter_misc":{"Escrito por":"Anden Naturals","Tiempo de lectura":"6 minutos"},"schema":{"@context":"https:\/\/schema.org","@graph":[{"@type":"Article","@id":"https:\/\/andennaturals.com\/blog\/evidencia\/el-cannabis-de-uso-medicinal-ha-sido-lo-mejor-que-le-ha-pasado-a-mi-hija\/#article","isPartOf":{"@id":"https:\/\/andennaturals.com\/blog\/evidencia\/el-cannabis-de-uso-medicinal-ha-sido-lo-mejor-que-le-ha-pasado-a-mi-hija\/"},"author":{"name":"Anden Naturals","@id":"https:\/\/andennaturals.com\/blog\/#\/schema\/person\/2e09f934230a083175782a6a1dd4298b"},"headline":"\u201cEl cannabis de uso medicinal ha sido lo mejor que le ha pasado a mi hija\u201d","datePublished":"2021-05-02T21:00:42+00:00","dateModified":"2022-01-12T20:50:30+00:00","mainEntityOfPage":{"@id":"https:\/\/andennaturals.com\/blog\/evidencia\/el-cannabis-de-uso-medicinal-ha-sido-lo-mejor-que-le-ha-pasado-a-mi-hija\/"},"wordCount":1285,"publisher":{"@id":"https:\/\/andennaturals.com\/blog\/#organization"},"keywords":["anden","anden naturals","anden per\u00fa","aplicaciones del cannabis","cannabis","cannabis en per\u00fa","cannabis medicinal","cannabonide","cbd","dolor cr\u00f3nico","epilepsia","fibromialgia","industria del cannabis","insomnio","Maritza Belleza","medicina alternativa","n\u00e1useas","propiedades medicinales del cannabis","prop\u00f3sito"],"articleSection":["Evidencia"],"inLanguage":"es"},{"@type":"WebPage","@id":"https:\/\/andennaturals.com\/blog\/evidencia\/el-cannabis-de-uso-medicinal-ha-sido-lo-mejor-que-le-ha-pasado-a-mi-hija\/","url":"https:\/\/andennaturals.com\/blog\/evidencia\/el-cannabis-de-uso-medicinal-ha-sido-lo-mejor-que-le-ha-pasado-a-mi-hija\/","name":"\u201cEl cannabis de uso medicinal ha sido lo mejor que le ha pasado a mi hija\u201d - ANDEN - Naturals","isPartOf":{"@id":"https:\/\/andennaturals.com\/blog\/#website"},"datePublished":"2021-05-02T21:00:42+00:00","dateModified":"2022-01-12T20:50:30+00:00","breadcrumb":{"@id":"https:\/\/andennaturals.com\/blog\/evidencia\/el-cannabis-de-uso-medicinal-ha-sido-lo-mejor-que-le-ha-pasado-a-mi-hija\/#breadcrumb"},"inLanguage":"es","potentialAction":[{"@type":"ReadAction","target":["https:\/\/andennaturals.com\/blog\/evidencia\/el-cannabis-de-uso-medicinal-ha-sido-lo-mejor-que-le-ha-pasado-a-mi-hija\/"]}]},{"@type":"BreadcrumbList","@id":"https:\/\/andennaturals.com\/blog\/evidencia\/el-cannabis-de-uso-medicinal-ha-sido-lo-mejor-que-le-ha-pasado-a-mi-hija\/#breadcrumb","itemListElement":[{"@type":"ListItem","position":1,"name":"Inicio","item":"https:\/\/andennaturals.com\/blog\/"},{"@type":"ListItem","position":2,"name":"Evidencia","item":"https:\/\/andennaturals.com\/blog\/category\/evidencia\/"},{"@type":"ListItem","position":3,"name":"\u201cEl cannabis de uso medicinal ha sido lo mejor que le ha pasado a mi hija\u201d"}]},{"@type":"WebSite","@id":"https:\/\/andennaturals.com\/blog\/#website","url":"https:\/\/andennaturals.com\/blog\/","name":"ANDEN - Naturals","description":"Una descripci\u00f3n del sitio web","publisher":{"@id":"https:\/\/andennaturals.com\/blog\/#organization"},"potentialAction":[{"@type":"SearchAction","target":{"@type":"EntryPoint","urlTemplate":"https:\/\/andennaturals.com\/blog\/?s={search_term_string}"},"query-input":"required name=search_term_string"}],"inLanguage":"es"},{"@type":"Organization","@id":"https:\/\/andennaturals.com\/blog\/#organization","name":"ANDEN - Naturals","url":"https:\/\/andennaturals.com\/blog\/","logo":{"@type":"ImageObject","inLanguage":"es","@id":"https:\/\/andennaturals.com\/blog\/#\/schema\/logo\/image\/","url":"https:\/\/andennaturals.com\/blog\/wp-content\/uploads\/2021\/04\/logo.svg","contentUrl":"https:\/\/andennaturals.com\/blog\/wp-content\/uploads\/2021\/04\/logo.svg","caption":"ANDEN - Naturals"},"image":{"@id":"https:\/\/andennaturals.com\/blog\/#\/schema\/logo\/image\/"}},{"@type":"Person","@id":"https:\/\/andennaturals.com\/blog\/#\/schema\/person\/2e09f934230a083175782a6a1dd4298b","name":"Anden Naturals","image":{"@type":"ImageObject","inLanguage":"es","@id":"https:\/\/andennaturals.com\/blog\/#\/schema\/person\/image\/","url":"https:\/\/secure.gravatar.com\/avatar\/2436310e2e3a6ebc8d06c54c27e19d21?s=96&d=mm&r=g","contentUrl":"https:\/\/secure.gravatar.com\/avatar\/2436310e2e3a6ebc8d06c54c27e19d21?s=96&d=mm&r=g","caption":"Anden Naturals"},"url":"https:\/\/andennaturals.com\/blog\/author\/anden-naturals\/"}]}},"uagb_featured_image_src":{"full":["https:\/\/andennaturals.com\/blog\/wp-content\/uploads\/2021\/05\/Copia-de-Sin-ti\u0301tulo-10.png",500,500,false],"thumbnail":["https:\/\/andennaturals.com\/blog\/wp-content\/uploads\/2021\/05\/Copia-de-Sin-ti\u0301tulo-10-150x150.png",150,150,true],"medium":["https:\/\/andennaturals.com\/blog\/wp-content\/uploads\/2021\/05\/Copia-de-Sin-ti\u0301tulo-10-300x300.png",300,300,true],"medium_large":["https:\/\/andennaturals.com\/blog\/wp-content\/uploads\/2021\/05\/Copia-de-Sin-ti\u0301tulo-10.png",500,500,false],"large":["https:\/\/andennaturals.com\/blog\/wp-content\/uploads\/2021\/05\/Copia-de-Sin-ti\u0301tulo-10.png",500,500,false],"1536x1536":["https:\/\/andennaturals.com\/blog\/wp-content\/uploads\/2021\/05\/Copia-de-Sin-ti\u0301tulo-10.png",500,500,false],"2048x2048":["https:\/\/andennaturals.com\/blog\/wp-content\/uploads\/2021\/05\/Copia-de-Sin-ti\u0301tulo-10.png",500,500,false],"ultp_layout_landscape_large":["https:\/\/andennaturals.com\/blog\/wp-content\/uploads\/2021\/05\/Copia-de-Sin-ti\u0301tulo-10.png",500,500,false],"ultp_layout_landscape":["https:\/\/andennaturals.com\/blog\/wp-content\/uploads\/2021\/05\/Copia-de-Sin-ti\u0301tulo-10.png",500,500,false],"ultp_layout_portrait":["https:\/\/andennaturals.com\/blog\/wp-content\/uploads\/2021\/05\/Copia-de-Sin-ti\u0301tulo-10.png",500,500,false],"ultp_layout_square":["https:\/\/andennaturals.com\/blog\/wp-content\/uploads\/2021\/05\/Copia-de-Sin-ti\u0301tulo-10.png",500,500,false],"authorship-box-avatar":["https:\/\/andennaturals.com\/blog\/wp-content\/uploads\/2021\/05\/Copia-de-Sin-ti\u0301tulo-10-150x150.png",150,150,true],"authorship-box-related":["https:\/\/andennaturals.com\/blog\/wp-content\/uploads\/2021\/05\/Copia-de-Sin-ti\u0301tulo-10-70x70.png",70,70,true],"hestia-blog":["https:\/\/andennaturals.com\/blog\/wp-content\/uploads\/2021\/05\/Copia-de-Sin-ti\u0301tulo-10-360x240.png",360,240,true]},"uagb_author_info":{"display_name":"Anden Naturals","author_link":"https:\/\/andennaturals.com\/blog\/author\/anden-naturals\/"},"uagb_comment_info":0,"uagb_excerpt":"Maritza Belleza es una madre de familia que hace cuatro a\u00f1os conoci\u00f3 esta terapia. Una displasia cerebral amenazaba la vida de su hija, pero gracias al cannabis de uso medicinal ahora controla sus crisis epil\u00e9pticas y empieza a mirar el futuro con otros ojos.&nbsp;&nbsp;&nbsp; La peque\u00f1a Dayana llama a su","_links":{"self":[{"href":"https:\/\/andennaturals.com\/blog\/wp-json\/wp\/v2\/posts\/1390"}],"collection":[{"href":"https:\/\/andennaturals.com\/blog\/wp-json\/wp\/v2\/posts"}],"about":[{"href":"https:\/\/andennaturals.com\/blog\/wp-json\/wp\/v2\/types\/post"}],"author":[{"embeddable":true,"href":"https:\/\/andennaturals.com\/blog\/wp-json\/wp\/v2\/users\/16"}],"replies":[{"embeddable":true,"href":"https:\/\/andennaturals.com\/blog\/wp-json\/wp\/v2\/comments?post=1390"}],"version-history":[{"count":2,"href":"https:\/\/andennaturals.com\/blog\/wp-json\/wp\/v2\/posts\/1390\/revisions"}],"predecessor-version":[{"id":1424,"href":"https:\/\/andennaturals.com\/blog\/wp-json\/wp\/v2\/posts\/1390\/revisions\/1424"}],"wp:featuredmedia":[{"embeddable":true,"href":"https:\/\/andennaturals.com\/blog\/wp-json\/wp\/v2\/media\/1423"}],"wp:attachment":[{"href":"https:\/\/andennaturals.com\/blog\/wp-json\/wp\/v2\/media?parent=1390"}],"wp:term":[{"taxonomy":"category","embeddable":true,"href":"https:\/\/andennaturals.com\/blog\/wp-json\/wp\/v2\/categories?post=1390"},{"taxonomy":"post_tag","embeddable":true,"href":"https:\/\/andennaturals.com\/blog\/wp-json\/wp\/v2\/tags?post=1390"}],"curies":[{"name":"wp","href":"https:\/\/api.w.org\/{rel}","templated":true}]}}