{"id":1912,"date":"2022-02-01T11:33:12","date_gmt":"2022-02-01T16:33:12","guid":{"rendered":"https:\/\/andennaturals.com\/blog\/?p=1912"},"modified":"2022-02-01T11:33:15","modified_gmt":"2022-02-01T16:33:15","slug":"shop-anden-sera-nuestro-think-tank","status":"publish","type":"post","link":"https:\/\/andennaturals.com\/blog\/opinion\/shop-anden-sera-nuestro-think-tank\/","title":{"rendered":"\u201cShop Anden ser\u00e1 nuestro think tank\u201d"},"content":{"rendered":"\n<p><strong>Curt Schwarz, CEO de Anden Naturals, habla sobre la oferta de valor de Shop Anden, la farmacia de Anden Naturals, especializada en productos y soluciones m\u00e9dicas para aquellas personas que aspiran a llevar un estilo de vida saludable&nbsp; y en equilibrio.<\/strong><\/p>\n\n\n\n<p>Este mes de enero se cumplen los primeros dos a\u00f1os desde que se comenzaron a comercializar los primeros productos derivados del cannabis para uso medicinal en el Per\u00fa. Anden Naturals fue precisamente la empresa que gan\u00f3 la primera licitaci\u00f3n que hizo el gobierno para poner a disposici\u00f3n de los pacientes productos derivados del cannabis predominantes en cannabidiol (CBD) para uso medicinal.<\/p>\n\n\n\n<p>\u201cEn diciembre de 2019 trajimos los primeros 10 litros de extracto de cannabidiol. Luego del proceso de envasado, obtuvimos 1,000 frascos de 10 ml de CBD al 5%, un primer lote que se agot\u00f3 en poco m\u00e1s de tres meses. Sin duda, hab\u00eda una gran necesidad por cubrir\u201d, recuerda Curt Schwarz, CEO y fundador de Anden Naturals.<\/p>\n\n\n\n<p>Esta acci\u00f3n conjunta con las autoridades sanitarias signific\u00f3 para Anden Naturals un paso importante para traer de manera organizada y responsable cannabis de uso terap\u00e9utico al pa\u00eds, cumpliendo las rigurosas regulaciones que exige el reglamento de la ley que regula el uso medicinal y terap\u00e9utico del cannabis y sus derivados.<\/p>\n\n\n\n<p>Aquel primer lote de extracto de cannabidiol se puso a disposici\u00f3n del p\u00fablico, a trav\u00e9s de la farmacia de la Direcci\u00f3n General de Medicamentos, Insumos y Drogas (Digemid). Pero, cuando fueron autorizadas las farmacias Inkafarma y Mifarma, en alianza con Anden Naturals, para distribuir cannabis para uso medicinal, se marc\u00f3 un nuevo hito, ya que se asegur\u00f3 la distribuci\u00f3n de CBD de calidad y con garant\u00eda a una mayor escala.<\/p>\n\n\n\n<p>\u201cLo importante para nosotros era dar acceso a todas esas personas que reclamaban aprovechar el potencial medicinal de los derivados del cannabis para fines terap\u00e9uticos, para tratar la epilepsia refractaria, el dolor cr\u00f3nico, la ansiedad, el insomnio, la fibromialgia, entre otras indicaciones\u201d, dice el CEO de Anden Naturals.<\/p>\n\n\n\n<p><\/p>\n\n\n\n<p><strong>\u00bfCu\u00e1ntas personas en el Per\u00fa est\u00e1n benefici\u00e1ndose del consumo del CBD?<\/strong><\/p>\n\n\n\n<p>Actualmente hay 20,403 pacientes inscritos en los padrones de la Digemid, con autorizaci\u00f3n para adquirir cannabis de uso medicinal. Cada uno de ellos tiene as\u00ed la oportunidad de consumir productos formales que se ofrecen en el mercado a trav\u00e9s de farmacias y tambi\u00e9n del propio Ministerio de Salud.<\/p>\n\n\n\n<p><\/p>\n\n\n\n<p><strong>\u00bfY ahora tambi\u00e9n por medio de la farmacia Shop Anden?<\/strong><\/p>\n\n\n\n<p>As\u00ed es. Tener la farmacia fue nuestro plan desde el inicio. Sin embargo, nosotros no establecimos la farmacia Shop Anden con el fin de comercializar y competir, sino como una forma de atraer a las personas a que conozcan el cannabis en un espacio seguro, ordenado y transparente.<\/p>\n\n\n\n<p><\/p>\n\n\n\n<p><strong>\u00bfQu\u00e9 es lo que hace especial a Shop Anden?<\/strong><\/p>\n\n\n\n<p>Nuestra especializaci\u00f3n en f\u00f3rmulas magistrales y nuestro servicio al cliente especializado. Podemos hacer nuestras propias f\u00f3rmulas e innovar con diferentes formas farmac\u00e9uticas y diferentes concentraciones de cannabinoides. En ese sentido, Shop Anden es nuestro think tank. Ah\u00ed generamos diferentes productos y as\u00ed ofrecemos soluciones innovadoras al mercado. Pero, al mismo tiempo, educamos al paciente y a los profesionales de la salud sobre el cannabis. Al final, lo que queremos es facilitar el acceso del cannabis medicinal sin trabas para todo aquel que lo necesita, cumpliendo todas las regulaciones que exige la ley.<\/p>\n\n\n\n<p><\/p>\n\n\n\n<p><strong>\u00bfQu\u00e9 har\u00e1n para que el producto siga siendo cada vez m\u00e1s accesible?<\/strong><\/p>\n\n\n\n<p>Trabajamos arduamente con las cepas que hemos estandarizado en nuestra planta de Estados Unidos, pensando en brindar el mejor producto posible a bajo costo. Lamentablemente, dentro de la industria, muchos han aprovechado el auge y la necesidad del producto para poner precios altos. Nosotros no queremos que el precio sea una limitante.<\/p>\n\n\n\n<p><\/p>\n\n\n\n<p><strong>\u00bfCu\u00e1nto ha cambiado en estos dos a\u00f1os la percepci\u00f3n que se ten\u00eda sobre el cannabis para uso terap\u00e9utico con respecto a la marihuana recreacional?<\/strong><\/p>\n\n\n\n<p>Much\u00edsimo. Mucha gente ha abierto los ojos. El estar m\u00e1s y mejor informados da la tranquilidad para hablar abiertamente sobre el cannabis y as\u00ed poder considerarlo como una terapia complementaria y adicional a las que se siguen con los medicamentos tradicionales. La gente ha perdido el miedo a hablar sobre el cannabis y est\u00e1 descubriendo que este re\u00fane m\u00faltiples beneficios para su salud.<\/p>\n\n\n\n<p><\/p>\n\n\n\n<p><strong>\u00bfCu\u00e1l es el futuro del cannabis medicinal en el Per\u00fa?<\/strong><\/p>\n\n\n\n<p>Veo un futuro bastante prometedor. Podemos llegar a ser una potencia mundial en producir cannabis de uso medicinal, no solo para el consumo local sino tambi\u00e9n para el internacional. Cada vez m\u00e1s pa\u00edses aprueban leyes sobre el cannabis y, teniendo un pa\u00eds como el Per\u00fa, que es conocido por su capacidad exportadora hacia Estados Unidos y Europa, se puede generar mucha competitividad, tal como ha ocurrido con las frutas y la agroexportaci\u00f3n.<\/p>\n\n\n\n<p>Si quieres conocer m\u00e1s sobre las soluciones m\u00e9dicas que ofrece Shop Anden para llevar una vida saludable y wellness, ingresa <a href=\"https:\/\/shopanden.com\/\">aqu\u00ed<\/a>.<\/p>\n\n\n\n<p><\/p>\n\n\n\n<figure class=\"wp-block-gallery columns-1 is-cropped wp-block-gallery-1 is-layout-flex wp-block-gallery-is-layout-flex\"><ul class=\"blocks-gallery-grid\"><li class=\"blocks-gallery-item\"><figure><img decoding=\"async\" loading=\"lazy\" width=\"875\" height=\"583\" src=\"https:\/\/andennaturals.com\/blog\/wp-content\/uploads\/2022\/02\/FOTOS_S03-1.jpg\" alt=\"\" data-id=\"1915\" data-full-url=\"https:\/\/andennaturals.com\/blog\/wp-content\/uploads\/2022\/02\/FOTOS_S03-1.jpg\" data-link=\"https:\/\/andennaturals.com\/blog\/?attachment_id=1915\" class=\"wp-image-1915\" srcset=\"https:\/\/andennaturals.com\/blog\/wp-content\/uploads\/2022\/02\/FOTOS_S03-1.jpg 875w, https:\/\/andennaturals.com\/blog\/wp-content\/uploads\/2022\/02\/FOTOS_S03-1-300x200.jpg 300w, https:\/\/andennaturals.com\/blog\/wp-content\/uploads\/2022\/02\/FOTOS_S03-1-768x512.jpg 768w, https:\/\/andennaturals.com\/blog\/wp-content\/uploads\/2022\/02\/FOTOS_S03-1-360x240.jpg 360w\" sizes=\"(max-width: 875px) 100vw, 875px\" \/><\/figure><\/li><\/ul><\/figure>\n","protected":false},"excerpt":{"rendered":"<p>Curt Schwarz, CEO de Anden Naturals, habla sobre la oferta de valor de Shop Anden, la farmacia de Anden Naturals, especializada en productos y soluciones m\u00e9dicas para aquellas personas que aspiran a llevar un estilo de vida saludable&nbsp; y en equilibrio. Este mes de enero se cumplen los primeros dos<\/p>\n","protected":false},"author":15,"featured_media":1913,"comment_status":"closed","ping_status":"closed","sticky":false,"template":"","format":"standard","meta":{"_coblocks_attr":"","_coblocks_dimensions":"","_coblocks_responsive_height":"","_coblocks_accordion_ie_support":"","_uag_custom_page_level_css":"","episode_type":"","audio_file":"","cover_image":"","cover_image_id":"","duration":"","filesize":"","date_recorded":"","explicit":"","block":"","filesize_raw":"","footnotes":""},"categories":[208],"tags":[342,212,376,379,377,345,375,378],"yoast_head":"<!-- This site is optimized with the Yoast SEO plugin v21.3 - https:\/\/yoast.com\/wordpress\/plugins\/seo\/ -->\n<title>\u201cShop Anden ser\u00e1 nuestro think tank\u201d - ANDEN - Naturals<\/title>\n<meta name=\"robots\" content=\"index, follow, max-snippet:-1, max-image-preview:large, max-video-preview:-1\" \/>\n<link rel=\"canonical\" href=\"https:\/\/andennaturals.com\/blog\/opinion\/shop-anden-sera-nuestro-think-tank\/\" \/>\n<meta property=\"og:locale\" content=\"es_ES\" \/>\n<meta property=\"og:type\" content=\"article\" \/>\n<meta property=\"og:title\" content=\"\u201cShop Anden ser\u00e1 nuestro think tank\u201d - ANDEN - Naturals\" \/>\n<meta property=\"og:description\" content=\"Curt Schwarz, CEO de Anden Naturals, habla sobre la oferta de valor de Shop Anden, la farmacia de Anden Naturals, especializada en productos y soluciones m\u00e9dicas para aquellas personas que aspiran a llevar un estilo de vida saludable&nbsp; y en equilibrio. Este mes de enero se cumplen los primeros dos\" \/>\n<meta property=\"og:url\" content=\"https:\/\/andennaturals.com\/blog\/opinion\/shop-anden-sera-nuestro-think-tank\/\" \/>\n<meta property=\"og:site_name\" content=\"ANDEN - Naturals\" \/>\n<meta property=\"article:published_time\" content=\"2022-02-01T16:33:12+00:00\" \/>\n<meta property=\"article:modified_time\" content=\"2022-02-01T16:33:15+00:00\" \/>\n<meta property=\"og:image\" content=\"https:\/\/andennaturals.com\/blog\/wp-content\/uploads\/2022\/02\/FOTOS_P03.jpg\" \/>\n\t<meta property=\"og:image:width\" content=\"500\" \/>\n\t<meta property=\"og:image:height\" content=\"500\" \/>\n\t<meta property=\"og:image:type\" content=\"image\/jpeg\" \/>\n<meta name=\"author\" content=\"Curt Schwarz\" \/>\n<meta name=\"twitter:card\" content=\"summary_large_image\" \/>\n<meta name=\"twitter:label1\" content=\"Escrito por\" \/>\n\t<meta name=\"twitter:data1\" content=\"Curt Schwarz\" \/>\n\t<meta name=\"twitter:label2\" content=\"Tiempo de lectura\" \/>\n\t<meta name=\"twitter:data2\" content=\"4 minutos\" \/>\n<script type=\"application\/ld+json\" class=\"yoast-schema-graph\">{\"@context\":\"https:\/\/schema.org\",\"@graph\":[{\"@type\":\"Article\",\"@id\":\"https:\/\/andennaturals.com\/blog\/opinion\/shop-anden-sera-nuestro-think-tank\/#article\",\"isPartOf\":{\"@id\":\"https:\/\/andennaturals.com\/blog\/opinion\/shop-anden-sera-nuestro-think-tank\/\"},\"author\":{\"name\":\"Curt Schwarz\",\"@id\":\"https:\/\/andennaturals.com\/blog\/#\/schema\/person\/362bfa390971ae8fc0917b850c809be9\"},\"headline\":\"\u201cShop Anden ser\u00e1 nuestro think tank\u201d\",\"datePublished\":\"2022-02-01T16:33:12+00:00\",\"dateModified\":\"2022-02-01T16:33:15+00:00\",\"mainEntityOfPage\":{\"@id\":\"https:\/\/andennaturals.com\/blog\/opinion\/shop-anden-sera-nuestro-think-tank\/\"},\"wordCount\":848,\"publisher\":{\"@id\":\"https:\/\/andennaturals.com\/blog\/#organization\"},\"keywords\":[\"cannabismedicinal\",\"cbd\",\"farmaciaShopAnden\",\"medicinacomplementaria\",\"perucbd\",\"shopanden\",\"shopcbd\",\"wellness\"],\"articleSection\":[\"Opini\u00f3n\"],\"inLanguage\":\"es\"},{\"@type\":\"WebPage\",\"@id\":\"https:\/\/andennaturals.com\/blog\/opinion\/shop-anden-sera-nuestro-think-tank\/\",\"url\":\"https:\/\/andennaturals.com\/blog\/opinion\/shop-anden-sera-nuestro-think-tank\/\",\"name\":\"\u201cShop Anden ser\u00e1 nuestro think tank\u201d - ANDEN - Naturals\",\"isPartOf\":{\"@id\":\"https:\/\/andennaturals.com\/blog\/#website\"},\"datePublished\":\"2022-02-01T16:33:12+00:00\",\"dateModified\":\"2022-02-01T16:33:15+00:00\",\"breadcrumb\":{\"@id\":\"https:\/\/andennaturals.com\/blog\/opinion\/shop-anden-sera-nuestro-think-tank\/#breadcrumb\"},\"inLanguage\":\"es\",\"potentialAction\":[{\"@type\":\"ReadAction\",\"target\":[\"https:\/\/andennaturals.com\/blog\/opinion\/shop-anden-sera-nuestro-think-tank\/\"]}]},{\"@type\":\"BreadcrumbList\",\"@id\":\"https:\/\/andennaturals.com\/blog\/opinion\/shop-anden-sera-nuestro-think-tank\/#breadcrumb\",\"itemListElement\":[{\"@type\":\"ListItem\",\"position\":1,\"name\":\"Inicio\",\"item\":\"https:\/\/andennaturals.com\/blog\/\"},{\"@type\":\"ListItem\",\"position\":2,\"name\":\"Opini\u00f3n\",\"item\":\"https:\/\/andennaturals.com\/blog\/category\/opinion\/\"},{\"@type\":\"ListItem\",\"position\":3,\"name\":\"\u201cShop Anden ser\u00e1 nuestro think tank\u201d\"}]},{\"@type\":\"WebSite\",\"@id\":\"https:\/\/andennaturals.com\/blog\/#website\",\"url\":\"https:\/\/andennaturals.com\/blog\/\",\"name\":\"ANDEN - Naturals\",\"description\":\"Una descripci\u00f3n del sitio web\",\"publisher\":{\"@id\":\"https:\/\/andennaturals.com\/blog\/#organization\"},\"potentialAction\":[{\"@type\":\"SearchAction\",\"target\":{\"@type\":\"EntryPoint\",\"urlTemplate\":\"https:\/\/andennaturals.com\/blog\/?s={search_term_string}\"},\"query-input\":\"required name=search_term_string\"}],\"inLanguage\":\"es\"},{\"@type\":\"Organization\",\"@id\":\"https:\/\/andennaturals.com\/blog\/#organization\",\"name\":\"ANDEN - Naturals\",\"url\":\"https:\/\/andennaturals.com\/blog\/\",\"logo\":{\"@type\":\"ImageObject\",\"inLanguage\":\"es\",\"@id\":\"https:\/\/andennaturals.com\/blog\/#\/schema\/logo\/image\/\",\"url\":\"https:\/\/andennaturals.com\/blog\/wp-content\/uploads\/2021\/04\/logo.svg\",\"contentUrl\":\"https:\/\/andennaturals.com\/blog\/wp-content\/uploads\/2021\/04\/logo.svg\",\"caption\":\"ANDEN - Naturals\"},\"image\":{\"@id\":\"https:\/\/andennaturals.com\/blog\/#\/schema\/logo\/image\/\"}},{\"@type\":\"Person\",\"@id\":\"https:\/\/andennaturals.com\/blog\/#\/schema\/person\/362bfa390971ae8fc0917b850c809be9\",\"name\":\"Curt Schwarz\",\"image\":{\"@type\":\"ImageObject\",\"inLanguage\":\"es\",\"@id\":\"https:\/\/andennaturals.com\/blog\/#\/schema\/person\/image\/\",\"url\":\"https:\/\/secure.gravatar.com\/avatar\/7478a65f58ad8d21688be2bc0cee538f?s=96&d=mm&r=g\",\"contentUrl\":\"https:\/\/secure.gravatar.com\/avatar\/7478a65f58ad8d21688be2bc0cee538f?s=96&d=mm&r=g\",\"caption\":\"Curt Schwarz\"},\"url\":\"https:\/\/andennaturals.com\/blog\/author\/curt-schwarz\/\"}]}<\/script>\n<!-- \/ Yoast SEO plugin. -->","yoast_head_json":{"title":"\u201cShop Anden ser\u00e1 nuestro think tank\u201d - ANDEN - Naturals","robots":{"index":"index","follow":"follow","max-snippet":"max-snippet:-1","max-image-preview":"max-image-preview:large","max-video-preview":"max-video-preview:-1"},"canonical":"https:\/\/andennaturals.com\/blog\/opinion\/shop-anden-sera-nuestro-think-tank\/","og_locale":"es_ES","og_type":"article","og_title":"\u201cShop Anden ser\u00e1 nuestro think tank\u201d - ANDEN - Naturals","og_description":"Curt Schwarz, CEO de Anden Naturals, habla sobre la oferta de valor de Shop Anden, la farmacia de Anden Naturals, especializada en productos y soluciones m\u00e9dicas para aquellas personas que aspiran a llevar un estilo de vida saludable&nbsp; y en equilibrio. Este mes de enero se cumplen los primeros dos","og_url":"https:\/\/andennaturals.com\/blog\/opinion\/shop-anden-sera-nuestro-think-tank\/","og_site_name":"ANDEN - Naturals","article_published_time":"2022-02-01T16:33:12+00:00","article_modified_time":"2022-02-01T16:33:15+00:00","og_image":[{"width":500,"height":500,"url":"https:\/\/andennaturals.com\/blog\/wp-content\/uploads\/2022\/02\/FOTOS_P03.jpg","type":"image\/jpeg"}],"author":"Curt Schwarz","twitter_card":"summary_large_image","twitter_misc":{"Escrito por":"Curt Schwarz","Tiempo de lectura":"4 minutos"},"schema":{"@context":"https:\/\/schema.org","@graph":[{"@type":"Article","@id":"https:\/\/andennaturals.com\/blog\/opinion\/shop-anden-sera-nuestro-think-tank\/#article","isPartOf":{"@id":"https:\/\/andennaturals.com\/blog\/opinion\/shop-anden-sera-nuestro-think-tank\/"},"author":{"name":"Curt Schwarz","@id":"https:\/\/andennaturals.com\/blog\/#\/schema\/person\/362bfa390971ae8fc0917b850c809be9"},"headline":"\u201cShop Anden ser\u00e1 nuestro think tank\u201d","datePublished":"2022-02-01T16:33:12+00:00","dateModified":"2022-02-01T16:33:15+00:00","mainEntityOfPage":{"@id":"https:\/\/andennaturals.com\/blog\/opinion\/shop-anden-sera-nuestro-think-tank\/"},"wordCount":848,"publisher":{"@id":"https:\/\/andennaturals.com\/blog\/#organization"},"keywords":["cannabismedicinal","cbd","farmaciaShopAnden","medicinacomplementaria","perucbd","shopanden","shopcbd","wellness"],"articleSection":["Opini\u00f3n"],"inLanguage":"es"},{"@type":"WebPage","@id":"https:\/\/andennaturals.com\/blog\/opinion\/shop-anden-sera-nuestro-think-tank\/","url":"https:\/\/andennaturals.com\/blog\/opinion\/shop-anden-sera-nuestro-think-tank\/","name":"\u201cShop Anden ser\u00e1 nuestro think tank\u201d - ANDEN - Naturals","isPartOf":{"@id":"https:\/\/andennaturals.com\/blog\/#website"},"datePublished":"2022-02-01T16:33:12+00:00","dateModified":"2022-02-01T16:33:15+00:00","breadcrumb":{"@id":"https:\/\/andennaturals.com\/blog\/opinion\/shop-anden-sera-nuestro-think-tank\/#breadcrumb"},"inLanguage":"es","potentialAction":[{"@type":"ReadAction","target":["https:\/\/andennaturals.com\/blog\/opinion\/shop-anden-sera-nuestro-think-tank\/"]}]},{"@type":"BreadcrumbList","@id":"https:\/\/andennaturals.com\/blog\/opinion\/shop-anden-sera-nuestro-think-tank\/#breadcrumb","itemListElement":[{"@type":"ListItem","position":1,"name":"Inicio","item":"https:\/\/andennaturals.com\/blog\/"},{"@type":"ListItem","position":2,"name":"Opini\u00f3n","item":"https:\/\/andennaturals.com\/blog\/category\/opinion\/"},{"@type":"ListItem","position":3,"name":"\u201cShop Anden ser\u00e1 nuestro think tank\u201d"}]},{"@type":"WebSite","@id":"https:\/\/andennaturals.com\/blog\/#website","url":"https:\/\/andennaturals.com\/blog\/","name":"ANDEN - Naturals","description":"Una descripci\u00f3n del sitio web","publisher":{"@id":"https:\/\/andennaturals.com\/blog\/#organization"},"potentialAction":[{"@type":"SearchAction","target":{"@type":"EntryPoint","urlTemplate":"https:\/\/andennaturals.com\/blog\/?s={search_term_string}"},"query-input":"required name=search_term_string"}],"inLanguage":"es"},{"@type":"Organization","@id":"https:\/\/andennaturals.com\/blog\/#organization","name":"ANDEN - Naturals","url":"https:\/\/andennaturals.com\/blog\/","logo":{"@type":"ImageObject","inLanguage":"es","@id":"https:\/\/andennaturals.com\/blog\/#\/schema\/logo\/image\/","url":"https:\/\/andennaturals.com\/blog\/wp-content\/uploads\/2021\/04\/logo.svg","contentUrl":"https:\/\/andennaturals.com\/blog\/wp-content\/uploads\/2021\/04\/logo.svg","caption":"ANDEN - Naturals"},"image":{"@id":"https:\/\/andennaturals.com\/blog\/#\/schema\/logo\/image\/"}},{"@type":"Person","@id":"https:\/\/andennaturals.com\/blog\/#\/schema\/person\/362bfa390971ae8fc0917b850c809be9","name":"Curt Schwarz","image":{"@type":"ImageObject","inLanguage":"es","@id":"https:\/\/andennaturals.com\/blog\/#\/schema\/person\/image\/","url":"https:\/\/secure.gravatar.com\/avatar\/7478a65f58ad8d21688be2bc0cee538f?s=96&d=mm&r=g","contentUrl":"https:\/\/secure.gravatar.com\/avatar\/7478a65f58ad8d21688be2bc0cee538f?s=96&d=mm&r=g","caption":"Curt Schwarz"},"url":"https:\/\/andennaturals.com\/blog\/author\/curt-schwarz\/"}]}},"uagb_featured_image_src":{"full":["https:\/\/andennaturals.com\/blog\/wp-content\/uploads\/2022\/02\/FOTOS_P03.jpg",500,500,false],"thumbnail":["https:\/\/andennaturals.com\/blog\/wp-content\/uploads\/2022\/02\/FOTOS_P03-150x150.jpg",150,150,true],"medium":["https:\/\/andennaturals.com\/blog\/wp-content\/uploads\/2022\/02\/FOTOS_P03-300x300.jpg",300,300,true],"medium_large":["https:\/\/andennaturals.com\/blog\/wp-content\/uploads\/2022\/02\/FOTOS_P03.jpg",500,500,false],"large":["https:\/\/andennaturals.com\/blog\/wp-content\/uploads\/2022\/02\/FOTOS_P03.jpg",500,500,false],"1536x1536":["https:\/\/andennaturals.com\/blog\/wp-content\/uploads\/2022\/02\/FOTOS_P03.jpg",500,500,false],"2048x2048":["https:\/\/andennaturals.com\/blog\/wp-content\/uploads\/2022\/02\/FOTOS_P03.jpg",500,500,false],"ultp_layout_landscape_large":["https:\/\/andennaturals.com\/blog\/wp-content\/uploads\/2022\/02\/FOTOS_P03.jpg",500,500,false],"ultp_layout_landscape":["https:\/\/andennaturals.com\/blog\/wp-content\/uploads\/2022\/02\/FOTOS_P03.jpg",500,500,false],"ultp_layout_portrait":["https:\/\/andennaturals.com\/blog\/wp-content\/uploads\/2022\/02\/FOTOS_P03.jpg",500,500,false],"ultp_layout_square":["https:\/\/andennaturals.com\/blog\/wp-content\/uploads\/2022\/02\/FOTOS_P03.jpg",500,500,false],"authorship-box-avatar":["https:\/\/andennaturals.com\/blog\/wp-content\/uploads\/2022\/02\/FOTOS_P03-150x150.jpg",150,150,true],"authorship-box-related":["https:\/\/andennaturals.com\/blog\/wp-content\/uploads\/2022\/02\/FOTOS_P03-70x70.jpg",70,70,true],"hestia-blog":["https:\/\/andennaturals.com\/blog\/wp-content\/uploads\/2022\/02\/FOTOS_P03-360x240.jpg",360,240,true]},"uagb_author_info":{"display_name":"Curt Schwarz","author_link":"https:\/\/andennaturals.com\/blog\/author\/curt-schwarz\/"},"uagb_comment_info":0,"uagb_excerpt":"Curt Schwarz, CEO de Anden Naturals, habla sobre la oferta de valor de Shop Anden, la farmacia de Anden Naturals, especializada en productos y soluciones m\u00e9dicas para aquellas personas que aspiran a llevar un estilo de vida saludable&nbsp; y en equilibrio. Este mes de enero se cumplen los primeros dos","_links":{"self":[{"href":"https:\/\/andennaturals.com\/blog\/wp-json\/wp\/v2\/posts\/1912"}],"collection":[{"href":"https:\/\/andennaturals.com\/blog\/wp-json\/wp\/v2\/posts"}],"about":[{"href":"https:\/\/andennaturals.com\/blog\/wp-json\/wp\/v2\/types\/post"}],"author":[{"embeddable":true,"href":"https:\/\/andennaturals.com\/blog\/wp-json\/wp\/v2\/users\/15"}],"replies":[{"embeddable":true,"href":"https:\/\/andennaturals.com\/blog\/wp-json\/wp\/v2\/comments?post=1912"}],"version-history":[{"count":1,"href":"https:\/\/andennaturals.com\/blog\/wp-json\/wp\/v2\/posts\/1912\/revisions"}],"predecessor-version":[{"id":1916,"href":"https:\/\/andennaturals.com\/blog\/wp-json\/wp\/v2\/posts\/1912\/revisions\/1916"}],"wp:featuredmedia":[{"embeddable":true,"href":"https:\/\/andennaturals.com\/blog\/wp-json\/wp\/v2\/media\/1913"}],"wp:attachment":[{"href":"https:\/\/andennaturals.com\/blog\/wp-json\/wp\/v2\/media?parent=1912"}],"wp:term":[{"taxonomy":"category","embeddable":true,"href":"https:\/\/andennaturals.com\/blog\/wp-json\/wp\/v2\/categories?post=1912"},{"taxonomy":"post_tag","embeddable":true,"href":"https:\/\/andennaturals.com\/blog\/wp-json\/wp\/v2\/tags?post=1912"}],"curies":[{"name":"wp","href":"https:\/\/api.w.org\/{rel}","templated":true}]}}