{"id":1960,"date":"2022-03-02T22:12:31","date_gmt":"2022-03-03T03:12:31","guid":{"rendered":"https:\/\/andennaturals.com\/blog\/?p=1960"},"modified":"2022-05-03T18:18:30","modified_gmt":"2022-05-03T23:18:30","slug":"cannabis-medicinal-6-enfermedades-cronicas","status":"publish","type":"post","link":"https:\/\/andennaturals.com\/blog\/evidencia\/cannabis-medicinal-6-enfermedades-cronicas\/","title":{"rendered":"Cannabis Medicinal: Enfermedades cr\u00f3nicas"},"content":{"rendered":"\n<p><\/p>\n\n\n\n<p><\/p>\n\n\n\n<h2 class=\"wp-block-heading\">Enfermedades cr\u00f3nicas tratadas por el CANNABIS MEDICINAL<\/h2>\n\n\n\n<p><\/p>\n\n\n\n<p><\/p>\n\n\n\n<p><\/p>\n\n\n\n<p>\u00bfQu\u00e9 pacientes pueden consumir productos derivados de <strong>Cannabis  <strong>para uso<\/strong><\/strong> <strong>medicinal?<\/strong><\/p>\n\n\n\n<p><\/p>\n\n\n\n<p>Seg\u00fan la evidencia cient\u00edfica (1, 2)se describe que el efecto beneficioso del cannabis para algunas condiciones m\u00e9dicas puede ser concluyente, sustancial, moderado y limitado. A continuaci\u00f3n se describen las condiciones m\u00e9dicas o s\u00edntomas para los cuales existe alg\u00fan grado de evidencia de la efectividad del cannabis como tratamiento sintom\u00e1tico:<\/p>\n\n\n\n<p><\/p>\n\n\n\n<ul><li><strong>Dolor Cr\u00f3nico Refractario por cualquier causa<\/strong><\/li><li><strong>Espasticidad asociada a Esclerosis M\u00faltiple<\/strong><\/li><li><strong>N\u00e1useas y v\u00f3mitos asociados a Quimioterapia<\/strong><\/li><li><strong>Anorexia y\/o p\u00e9rdida de apetito asociado a c\u00e1ncer o VIH\/SIDA<\/strong><\/li><li><strong><strong>Epilepsia Refractaria<\/strong><\/strong><\/li><li><strong><strong>S\u00edntomas no motores de la Enfermedad de Parkinson<\/strong><\/strong><\/li><li><strong>S\u00edntomas psicoafectivos de la Enfermedad de Alzheimer<\/strong><\/li><li><strong>Trastornos del Sue\u00f1o asociados a dolor cr\u00f3nico<\/strong><\/li><li><strong>Ansiedad Social<\/strong><\/li><li><strong>S\u00edntomas depresivos en pacientes oncol\u00f3gicos<\/strong><\/li><li><strong>Trastorno de Espectro Autista<\/strong><\/li><\/ul>\n\n\n\n<div style=\"height:27px\" aria-hidden=\"true\" class=\"wp-block-spacer\"><\/div>\n\n\n\n<h2 class=\"wp-block-heading\"><strong>1.&nbsp;Dolor Cr\u00f3nico Refractario por cualquier causa<\/strong><\/h2>\n\n\n\n<p>Dolor cr\u00f3nico refractario es una condici\u00f3n en la que el dolor no se puede resolver con medicamentos o tratamientos convencionales.<\/p>\n\n\n\n<p>En los \u00faltimos a\u00f1os hemos visto m\u00e1s dolor cronico refractario porque las enfermedades agudas y neurop\u00e1ticas tienen mayor incidencia, el dolor tambi\u00e9n ha cambiado de sentido muy a menudo, deja de ser solo un dolor agudo e inmediato para convertirse en un dolor cronico inc\u00f3modo y repetitivo.<\/p>\n\n\n\n<p>El dolor cr\u00f3nico puede deberse a una lesi\u00f3n o enfermedad. Incluso cuando la lesi\u00f3n san\u00f3, el dolor puede persistir por muchos meses. El dolor cr\u00f3nico tambi\u00e9n puede ser causado por c\u00e1ncer. Una persona que ha tenido c\u00e1ncer y recibido tratamiento tiene un riesgo m\u00e1s alto de desarrollar dolor cr\u00f3nico comparado con otras personas. El dolor tambi\u00e9n puede estar asociado con la edad, especialmente si la persona tiene muchos problemas de salud. Las personas que sufren depresi\u00f3n u otros problemas emocionales tienen m\u00e1s probabilidades de sentir dolor cr\u00f3nico.<\/p>\n\n\n\n<div class=\"wp-block-columns is-layout-flex wp-container-2 wp-block-columns-is-layout-flex\">\n<div class=\"wp-block-column is-vertically-aligned-center is-layout-flow wp-block-column-is-layout-flow\"><\/div>\n<\/div>\n\n\n\n<div style=\"height:27px\" aria-hidden=\"true\" class=\"wp-block-spacer\"><\/div>\n\n\n\n<h2 class=\"wp-block-heading\"><strong>2. <strong><strong>Espasticidad asociada a Esclerosis M\u00faltiple<\/strong><\/strong><\/strong><\/h2>\n\n\n\n<p>Espasticidad asociada a Esclerosis M\u00faltiple (MS) es un trastorno de la mielina que afecta el estado de movilidad de las personas con Esclerosis M\u00faltiple.<\/p>\n\n\n\n<p>La espasticidad es una condici\u00f3n en la que las personas tienen dificultad para controlar los movimientos voluntarios o involuntarios de los m\u00fasculos.<\/p>\n\n\n\n<p>La espasticidad puede ocurrir despu\u00e9s de lesiones cerebrales tales como accidentes cerebrovasculares o traumatismos craneales.<\/p>\n\n\n\n<p>En algunos casos, la espasticidad se presenta por primera vez en personas sin ninguna historia de lesi\u00f3n cerebral. Esto se denomina espasticidad idiop\u00e1tica y se asocia con deterioro cognitivo y funcional independiente del deterioro neurol\u00f3gico generalizado.<\/p>\n\n\n\n<div style=\"height:27px\" aria-hidden=\"true\" class=\"wp-block-spacer\"><\/div>\n\n\n\n<h2 class=\"wp-block-heading\">3. <strong>N\u00e1useas y v\u00f3mitos asociados a Quimioterapia<\/strong><\/h2>\n\n\n\n<p>La mayor\u00eda de los pacientes que reciben quimioterapia tienen n\u00e1useas y v\u00f3mitos. El c\u00e1ncer no causa las n\u00e1useas y el v\u00f3mito, pero la quimioterapia y otros tratamientos pueden causar estos s\u00edntomas. A veces, la radiaci\u00f3n a la cabeza puede causar n\u00e1useas y v\u00f3mitos. Algunos medicamentos para el tratamiento del dolor pueden causar n\u00e1useas y v\u00f3mitos.<\/p>\n\n\n\n<p>Las personas experimentar\u00e1n distintas intensidades de n\u00e1useas y v\u00f3mitos por sus reacciones al tratamiento. Algunas personas nunca se sintieron mal durante el tratamiento. Otros tienen solo algunos episodios de n\u00e1useas leves o moderadas. Algunas personas tienen muchos episodios de grave n\u00e1usea y v\u00f3mito.<\/p>\n\n\n\n<div style=\"height:27px\" aria-hidden=\"true\" class=\"wp-block-spacer\"><\/div>\n\n\n\n<p><\/p>\n\n\n\n<h2 class=\"wp-block-heading\"><strong>4. Anorexia y\/o perdida de apetito asociado a cancer o VIH\/SIDA<\/strong><\/h2>\n\n\n\n<p>Anorexia y\/o p\u00e9rdida de apetito asociada a c\u00e1ncer o VIH\/SIDA<\/p>\n\n\n\n<p>Cuando un paciente presenta estos s\u00edntomas, es importante la valoraci\u00f3n cl\u00ednica y el interrogatorio detallado, para determinar el tipo de trastorno adicional que existe y las causas subyacentes. El m\u00e9dico debe hacer un diagn\u00f3stico diferencial con otros trastornos que tambi\u00e9n pueden provocar p\u00e9rdida del apetito, como:<\/p>\n\n\n\n<p>Anemia por deficiencia en hierro (anemia ferrop\u00e9nica).<\/p>\n\n\n\n<p>Encefalopat\u00eda hep\u00e1tica cr\u00f3nica con alteraciones neurol\u00f3gicas.<\/p>\n\n\n\n<p>Lesiones en el cuerpo calloso o lesiones del nervio facial.<\/p>\n\n\n\n<p>Enfermedad cel\u00edaca (trastorno digestivo).<\/p>\n\n\n\n<p>Trastorno de la conducta alimentaria por obsesi\u00f3n\/compulsi\u00f3n (TOC).<\/p>\n\n\n\n<p>Trastornos depresivos.<\/p>\n\n\n\n<p><\/p>\n\n\n\n<h2 class=\"wp-block-heading\"><strong>5.&nbsp; <strong>Epilepsia Refractaria<\/strong><\/strong><\/h2>\n\n\n\n<p>La epilepsia refractaria es un tipo de epilepsia cr\u00f3nica en la que las convulsiones ocurren m\u00e1s de una vez cada 6 meses a pesar del tratamiento adecuado con medicamentos anticonvulsivos. Muchos ni\u00f1os con epilepsia no tienen convulsiones durante 6 meses o m\u00e1s, cuando su medicaci\u00f3n se ajusta al nivel correcto.<\/p>\n\n\n\n<p>En la epilepsia refractaria, las convulsiones contin\u00faan ocurriendo. Esto generalmente significa que el ni\u00f1o tiene una causa de epilepsia diferente a la de otros ni\u00f1os o que la epilepsia del ni\u00f1o es m\u00e1s grave y resistente al tratamiento.<\/p>\n\n\n\n<p>\u00bfPor qu\u00e9 mi hijo tiene epilepsia refractaria?<\/p>\n\n\n\n<p>Muchas formas de epilepsia son causadas por un defecto cong\u00e9nito en una parte del cerebro. En algunos casos, es posible que no haya una explicaci\u00f3n de por qu\u00e9 su hijo tiene epilepsia. En otros casos, puede haber una lesi\u00f3n o infecci\u00f3n en una parte del cerebro que provoque convulsiones.<\/p>\n\n\n\n<p><\/p>\n\n\n\n<h2 class=\"wp-block-heading\"><strong>6.<\/strong> <strong>S\u00edntomas no motores de la Enfermedad de Parkinson<\/strong><\/h2>\n\n\n\n<p>La Enfermedad de Parkinson (EP) es una enfermedad neurodegenerativa que afecta al sistema nervioso central. Los s\u00edntomas principales son movimientos lentos y p\u00e9rdida de coordinaci\u00f3n, lo que hace que la EP sea una enfermedad bastante visible.<\/p>\n\n\n\n<p>Sin embargo, existen otras alteraciones f\u00edsicas, cognitivas y emocionales. Esta informaci\u00f3n proporciona una visi\u00f3n general sobre los s\u00edntomas de los motores de la EP.<\/p>\n\n\n\n<p>S\u00edntomas no motores<\/p>\n\n\n\n<p>Los primeros signos de la EP no est\u00e1n relacionados con los movimientos del cuerpo (movimientos motores). Las personas con la enfermedad sufren cambios en el pensamiento y comportamiento que pueden ser dif\u00edciles de detectar para los dem\u00e1s. Por ejemplo:<\/p>\n\n\n\n<p>Problemas con el sue\u00f1o: una persona puede tener dificultades para dormir durante la noche<\/p>\n\n\n\n<h2 class=\"wp-block-heading\"><strong>7. <strong>S\u00edntomas no motores de la Enfermedad de Parkinson<\/strong><\/strong><\/h2>\n\n\n\n<p>Los pacientes con la Enfermedad de Alzheimer suelen experimentar una serie de cambios emocionales y conductuales, los cuales pueden llegar a afectarlos de manera significativa. Estos cambios se conocen como s\u00edntomas psicoafectivos del Alzheimer y pueden incluir:<\/p>\n\n\n\n<p>-Cambios en el personaje<\/p>\n\n\n\n<p>-Depresi\u00f3n<\/p>\n\n\n\n<p>-Agresi\u00f3n\/agitaci\u00f3n<\/p>\n\n\n\n<p>-Delirio\/ilusi\u00f3n<\/p>\n\n\n\n<p>-Ansiedad<\/p>\n\n\n\n<h2 class=\"wp-block-heading\"><strong>8. <strong>Trastornos del Sue\u00f1o asociados a dolor cr\u00f3nico<\/strong><\/strong><\/h2>\n\n\n\n<p>Dolores de cabeza y dolores de espalda son dos condiciones comunes en la vida diaria. Los dolores de cabeza se presentan con frecuencia, mientras que los dolores de espalda pueden ser m\u00e1s severos y prolongados. Ambos tipos de dolor pueden interrumpir con nuestro sue\u00f1o y alterar nuestra calidad de vida.<\/p>\n\n\n\n<p>Los trastornos del sue\u00f1o son problemas relacionados con el sue\u00f1o (problemas para dormir o mantener dormido, despertar durante la noche o tener una mayor probabilidad de so\u00f1ar despierto). Las personas con trastornos del sue\u00f1o tienen una probabilidad mayor de tener problemas cognitivos o emocionales, como depresi\u00f3n y ansiedad. Los trastornos del sue\u00f1o se han asociado con un alto riesgo de accidente automovil\u00edstico y fatiga laboral.<\/p>\n\n\n\n<h2 class=\"wp-block-heading\"><strong>9. S\u00edntomas depresivos en pacientes oncol\u00f3gicos<\/strong><\/h2>\n\n\n\n<p>La depresi\u00f3n en pacientes oncol\u00f3gicos es muy frecuente. No obstante, son pocos los profesionales que tienen una capacitaci\u00f3n adecuada para detectarla y tratarla.<\/p>\n\n\n\n<p>El objetivo de este trabajo es analizar su prevalencia, detecci\u00f3n y tratamiento en pacientes con c\u00e1ncer.<\/p>\n\n\n\n<p>Se realiza una revisi\u00f3n de la literatura sobre las principales gu\u00edas y estudios publicados en los \u00faltimos a\u00f1os sobre depresi\u00f3n en pacientes oncol\u00f3gicos.<\/p>\n\n\n\n<p>La prevalencia de depresi\u00f3n oscila entre el 30% y el 40% de los casos. La mayor\u00eda de ellas no son diagnosticadas ni tratadas adecuadamente.<\/p>\n\n\n\n<h2 class=\"wp-block-heading\"><strong>10. Trastorno de Espectro Autista<\/strong><\/h2>\n\n\n\n<p>El Trastorno del Espectro Autista (TEA) es una condici\u00f3n compleja del neurodesarrollo, que puede presentarse, en un amplio rango de funcionamiento cognitivo y sintomatolog\u00eda. La manifestaci\u00f3n de los s\u00edntomas del TEA var\u00eda significativamente entre individuos; Estos pueden variar desde una leve discapacidad social hasta la p\u00e9rdida total de la capacidad comunicativa que crea un aislamiento total.<\/p>\n\n\n\n<p>El Trastorno del Espectro Autista (TEA) es una condici\u00f3n que se caracteriza por retrasos en el desarrollo de las habilidades sociales, indiferencia a los dem\u00e1s y la comunicaci\u00f3n as\u00ed como comportamientos repetitivos. Afecta a todos los aspectos del desarrollo humano, incluyendo el lenguaje y el desarrollo personal.<\/p>\n\n\n\n<p>Los s\u00edntomas menos reconocidos por los pacientes son la disminuci\u00f3n del inter\u00e9s, dificultad para fuerte, irritabilidad y abuso de alcohol.<\/p>\n\n\n\n<h2 class=\"wp-block-heading\"><strong>Requisito para adquirirlo:<\/strong><\/h2>\n\n\n\n<ul><li>Pacientes deben estar registrados en el padr\u00f3n de <strong>Digemid<\/strong><\/li><li>Venta es con receta m\u00e9dica<\/li><li>La receta tiene validez de 30 d\u00edas<\/li><li>Farmacia deben tener&nbsp;licencia para prescribir cannabis medicinal<\/li><\/ul>\n\n\n\n<p><\/p>\n\n\n\n<p>Vienen en diferentes presentaciones incluidas las siguientes:<\/p>\n\n\n\n<p>&nbsp; \u201cTodos los <strong>aceites de cannabis<\/strong> y sus derivados disponibles en el mercado deben indicar la concentraci\u00f3n de cannabinoides en mg\/ml en sus etiquetas\u201d, dijo Pedro Wong, QF uno de los principales investigadores de <strong>cannabis<\/strong> de Per\u00fa.<\/p>\n\n\n\n<p>TAG<\/p>\n\n\n\n<p><a href=\"https:\/\/andennaturals.com\/blog\/tag\/aceite-de-cannabis\/\">Aceite de cannabis<\/a><\/p>\n\n\n\n<p><a href=\"https:\/\/andennaturals.com\/blog\/tag\/cannabis\/\">cannabis<\/a><\/p>\n\n\n\n<p><a href=\"https:\/\/andennaturals.com\/blog\/tag\/cannabis-medicinal\/\">cannabis medicinal<\/a><\/p>\n\n\n\n<p><a href=\"https:\/\/andennaturals.com\/blog\/tag\/donde-comprar-aceite-cannabi-en-lima-peru\/\">Donde comprar aceite cannabi en lima per\u00fa<\/a><\/p>\n\n\n\n<p><a href=\"https:\/\/andennaturals.com\/blog\/tag\/plantas-medicinales\/\">Plantas medicinales<\/a><\/p>\n\n\n\n<p><a href=\"https:\/\/andennaturals.com\/blog\/tag\/que-es-el-cannabis\/\">Que es el cannabis<\/a><\/p>\n\n\n\n<p><a href=\"https:\/\/andennaturals.com\/blog\/tag\/tratamiento-cannabis\/\">Tratamiento cannabis<\/a><\/p>\n\n\n\n<h2 class=\"wp-block-heading\"><strong>&nbsp;<\/strong><\/h2>\n\n\n\n<h2 class=\"wp-block-heading\"><strong>Bibliograf\u00eda<\/strong><\/h2>\n\n\n\n<ul><li>1. NAS report 2017 <\/li><li>2. JAMA 2015<\/li><\/ul>\n","protected":false},"excerpt":{"rendered":"<p>Enfermedades cr\u00f3nicas tratadas por el CANNABIS MEDICINAL \u00bfQu\u00e9 pacientes pueden consumir productos derivados de Cannabis para uso medicinal? Seg\u00fan la evidencia cient\u00edfica (1, 2)se describe que el efecto beneficioso del cannabis para algunas condiciones m\u00e9dicas puede ser concluyente, sustancial, moderado y limitado. A continuaci\u00f3n se describen las condiciones m\u00e9dicas o<\/p>\n","protected":false},"author":16,"featured_media":1981,"comment_status":"closed","ping_status":"closed","sticky":true,"template":"","format":"standard","meta":{"_coblocks_attr":"","_coblocks_dimensions":"","_coblocks_responsive_height":"","_coblocks_accordion_ie_support":"","_uag_custom_page_level_css":"","episode_type":"","audio_file":"","cover_image":"","cover_image_id":"","duration":"","filesize":"","date_recorded":"","explicit":"","block":"","filesize_raw":"","footnotes":""},"categories":[4],"tags":[400,210,211,401,398,397,402],"yoast_head":"<!-- This site is optimized with the Yoast SEO plugin v21.3 - https:\/\/yoast.com\/wordpress\/plugins\/seo\/ -->\n<title>Cannabis Medicinal: Enfermedades cr\u00f3nicas - ANDEN - Naturals<\/title>\n<meta name=\"description\" content=\"El cannabis es el aceite medicinal m\u00e1s utilizado con fines para tratar ciertas enfermedades o aliviar ciertos s\u00edntomas.\" \/>\n<meta name=\"robots\" content=\"index, follow, max-snippet:-1, max-image-preview:large, max-video-preview:-1\" \/>\n<link rel=\"canonical\" href=\"https:\/\/andennaturals.com\/blog\/evidencia\/cannabis-medicinal-6-enfermedades-cronicas\/\" \/>\n<meta property=\"og:locale\" content=\"es_ES\" \/>\n<meta property=\"og:type\" content=\"article\" \/>\n<meta property=\"og:title\" content=\"Cannabis Medicinal: Enfermedades cr\u00f3nicas - ANDEN - Naturals\" \/>\n<meta property=\"og:description\" content=\"El cannabis es el aceite medicinal m\u00e1s utilizado con fines para tratar ciertas enfermedades o aliviar ciertos s\u00edntomas.\" \/>\n<meta property=\"og:url\" content=\"https:\/\/andennaturals.com\/blog\/evidencia\/cannabis-medicinal-6-enfermedades-cronicas\/\" \/>\n<meta property=\"og:site_name\" content=\"ANDEN - Naturals\" \/>\n<meta property=\"article:published_time\" content=\"2022-03-03T03:12:31+00:00\" \/>\n<meta property=\"article:modified_time\" content=\"2022-05-03T23:18:30+00:00\" \/>\n<meta property=\"og:image\" content=\"https:\/\/andennaturals.com\/blog\/wp-content\/uploads\/2022\/03\/anden-portada.jpg\" \/>\n\t<meta property=\"og:image:width\" content=\"850\" \/>\n\t<meta property=\"og:image:height\" content=\"565\" \/>\n\t<meta property=\"og:image:type\" content=\"image\/jpeg\" \/>\n<meta name=\"author\" content=\"Anden Naturals\" \/>\n<meta name=\"twitter:card\" content=\"summary_large_image\" \/>\n<meta name=\"twitter:label1\" content=\"Escrito por\" \/>\n\t<meta name=\"twitter:data1\" content=\"Anden Naturals\" \/>\n\t<meta name=\"twitter:label2\" content=\"Tiempo de lectura\" \/>\n\t<meta name=\"twitter:data2\" content=\"7 minutos\" \/>\n<script type=\"application\/ld+json\" class=\"yoast-schema-graph\">{\"@context\":\"https:\/\/schema.org\",\"@graph\":[{\"@type\":\"Article\",\"@id\":\"https:\/\/andennaturals.com\/blog\/evidencia\/cannabis-medicinal-6-enfermedades-cronicas\/#article\",\"isPartOf\":{\"@id\":\"https:\/\/andennaturals.com\/blog\/evidencia\/cannabis-medicinal-6-enfermedades-cronicas\/\"},\"author\":{\"name\":\"Anden Naturals\",\"@id\":\"https:\/\/andennaturals.com\/blog\/#\/schema\/person\/2e09f934230a083175782a6a1dd4298b\"},\"headline\":\"Cannabis Medicinal: Enfermedades cr\u00f3nicas\",\"datePublished\":\"2022-03-03T03:12:31+00:00\",\"dateModified\":\"2022-05-03T23:18:30+00:00\",\"mainEntityOfPage\":{\"@id\":\"https:\/\/andennaturals.com\/blog\/evidencia\/cannabis-medicinal-6-enfermedades-cronicas\/\"},\"wordCount\":1539,\"publisher\":{\"@id\":\"https:\/\/andennaturals.com\/blog\/#organization\"},\"keywords\":[\"Aceite de cannabis\",\"cannabis\",\"cannabis medicinal\",\"Donde comprar aceite cannabi en lima per\u00fa\",\"Plantas medicinales\",\"Que es el cannabis\",\"Tratamiento cannabis\"],\"articleSection\":[\"Evidencia\"],\"inLanguage\":\"es\"},{\"@type\":\"WebPage\",\"@id\":\"https:\/\/andennaturals.com\/blog\/evidencia\/cannabis-medicinal-6-enfermedades-cronicas\/\",\"url\":\"https:\/\/andennaturals.com\/blog\/evidencia\/cannabis-medicinal-6-enfermedades-cronicas\/\",\"name\":\"Cannabis Medicinal: Enfermedades cr\u00f3nicas - ANDEN - Naturals\",\"isPartOf\":{\"@id\":\"https:\/\/andennaturals.com\/blog\/#website\"},\"datePublished\":\"2022-03-03T03:12:31+00:00\",\"dateModified\":\"2022-05-03T23:18:30+00:00\",\"description\":\"El cannabis es el aceite medicinal m\u00e1s utilizado con fines para tratar ciertas enfermedades o aliviar ciertos s\u00edntomas.\",\"breadcrumb\":{\"@id\":\"https:\/\/andennaturals.com\/blog\/evidencia\/cannabis-medicinal-6-enfermedades-cronicas\/#breadcrumb\"},\"inLanguage\":\"es\",\"potentialAction\":[{\"@type\":\"ReadAction\",\"target\":[\"https:\/\/andennaturals.com\/blog\/evidencia\/cannabis-medicinal-6-enfermedades-cronicas\/\"]}]},{\"@type\":\"BreadcrumbList\",\"@id\":\"https:\/\/andennaturals.com\/blog\/evidencia\/cannabis-medicinal-6-enfermedades-cronicas\/#breadcrumb\",\"itemListElement\":[{\"@type\":\"ListItem\",\"position\":1,\"name\":\"Inicio\",\"item\":\"https:\/\/andennaturals.com\/blog\/\"},{\"@type\":\"ListItem\",\"position\":2,\"name\":\"Evidencia\",\"item\":\"https:\/\/andennaturals.com\/blog\/category\/evidencia\/\"},{\"@type\":\"ListItem\",\"position\":3,\"name\":\"Cannabis Medicinal: Enfermedades cr\u00f3nicas\"}]},{\"@type\":\"WebSite\",\"@id\":\"https:\/\/andennaturals.com\/blog\/#website\",\"url\":\"https:\/\/andennaturals.com\/blog\/\",\"name\":\"ANDEN - Naturals\",\"description\":\"Una descripci\u00f3n del sitio web\",\"publisher\":{\"@id\":\"https:\/\/andennaturals.com\/blog\/#organization\"},\"potentialAction\":[{\"@type\":\"SearchAction\",\"target\":{\"@type\":\"EntryPoint\",\"urlTemplate\":\"https:\/\/andennaturals.com\/blog\/?s={search_term_string}\"},\"query-input\":\"required name=search_term_string\"}],\"inLanguage\":\"es\"},{\"@type\":\"Organization\",\"@id\":\"https:\/\/andennaturals.com\/blog\/#organization\",\"name\":\"ANDEN - Naturals\",\"url\":\"https:\/\/andennaturals.com\/blog\/\",\"logo\":{\"@type\":\"ImageObject\",\"inLanguage\":\"es\",\"@id\":\"https:\/\/andennaturals.com\/blog\/#\/schema\/logo\/image\/\",\"url\":\"https:\/\/andennaturals.com\/blog\/wp-content\/uploads\/2021\/04\/logo.svg\",\"contentUrl\":\"https:\/\/andennaturals.com\/blog\/wp-content\/uploads\/2021\/04\/logo.svg\",\"caption\":\"ANDEN - Naturals\"},\"image\":{\"@id\":\"https:\/\/andennaturals.com\/blog\/#\/schema\/logo\/image\/\"}},{\"@type\":\"Person\",\"@id\":\"https:\/\/andennaturals.com\/blog\/#\/schema\/person\/2e09f934230a083175782a6a1dd4298b\",\"name\":\"Anden Naturals\",\"image\":{\"@type\":\"ImageObject\",\"inLanguage\":\"es\",\"@id\":\"https:\/\/andennaturals.com\/blog\/#\/schema\/person\/image\/\",\"url\":\"https:\/\/secure.gravatar.com\/avatar\/2436310e2e3a6ebc8d06c54c27e19d21?s=96&d=mm&r=g\",\"contentUrl\":\"https:\/\/secure.gravatar.com\/avatar\/2436310e2e3a6ebc8d06c54c27e19d21?s=96&d=mm&r=g\",\"caption\":\"Anden Naturals\"},\"url\":\"https:\/\/andennaturals.com\/blog\/author\/anden-naturals\/\"}]}<\/script>\n<!-- \/ Yoast SEO plugin. -->","yoast_head_json":{"title":"Cannabis Medicinal: Enfermedades cr\u00f3nicas - ANDEN - Naturals","description":"El cannabis es el aceite medicinal m\u00e1s utilizado con fines para tratar ciertas enfermedades o aliviar ciertos s\u00edntomas.","robots":{"index":"index","follow":"follow","max-snippet":"max-snippet:-1","max-image-preview":"max-image-preview:large","max-video-preview":"max-video-preview:-1"},"canonical":"https:\/\/andennaturals.com\/blog\/evidencia\/cannabis-medicinal-6-enfermedades-cronicas\/","og_locale":"es_ES","og_type":"article","og_title":"Cannabis Medicinal: Enfermedades cr\u00f3nicas - ANDEN - Naturals","og_description":"El cannabis es el aceite medicinal m\u00e1s utilizado con fines para tratar ciertas enfermedades o aliviar ciertos s\u00edntomas.","og_url":"https:\/\/andennaturals.com\/blog\/evidencia\/cannabis-medicinal-6-enfermedades-cronicas\/","og_site_name":"ANDEN - Naturals","article_published_time":"2022-03-03T03:12:31+00:00","article_modified_time":"2022-05-03T23:18:30+00:00","og_image":[{"width":850,"height":565,"url":"https:\/\/andennaturals.com\/blog\/wp-content\/uploads\/2022\/03\/anden-portada.jpg","type":"image\/jpeg"}],"author":"Anden Naturals","twitter_card":"summary_large_image","twitter_misc":{"Escrito por":"Anden Naturals","Tiempo de lectura":"7 minutos"},"schema":{"@context":"https:\/\/schema.org","@graph":[{"@type":"Article","@id":"https:\/\/andennaturals.com\/blog\/evidencia\/cannabis-medicinal-6-enfermedades-cronicas\/#article","isPartOf":{"@id":"https:\/\/andennaturals.com\/blog\/evidencia\/cannabis-medicinal-6-enfermedades-cronicas\/"},"author":{"name":"Anden Naturals","@id":"https:\/\/andennaturals.com\/blog\/#\/schema\/person\/2e09f934230a083175782a6a1dd4298b"},"headline":"Cannabis Medicinal: Enfermedades cr\u00f3nicas","datePublished":"2022-03-03T03:12:31+00:00","dateModified":"2022-05-03T23:18:30+00:00","mainEntityOfPage":{"@id":"https:\/\/andennaturals.com\/blog\/evidencia\/cannabis-medicinal-6-enfermedades-cronicas\/"},"wordCount":1539,"publisher":{"@id":"https:\/\/andennaturals.com\/blog\/#organization"},"keywords":["Aceite de cannabis","cannabis","cannabis medicinal","Donde comprar aceite cannabi en lima per\u00fa","Plantas medicinales","Que es el cannabis","Tratamiento cannabis"],"articleSection":["Evidencia"],"inLanguage":"es"},{"@type":"WebPage","@id":"https:\/\/andennaturals.com\/blog\/evidencia\/cannabis-medicinal-6-enfermedades-cronicas\/","url":"https:\/\/andennaturals.com\/blog\/evidencia\/cannabis-medicinal-6-enfermedades-cronicas\/","name":"Cannabis Medicinal: Enfermedades cr\u00f3nicas - ANDEN - Naturals","isPartOf":{"@id":"https:\/\/andennaturals.com\/blog\/#website"},"datePublished":"2022-03-03T03:12:31+00:00","dateModified":"2022-05-03T23:18:30+00:00","description":"El cannabis es el aceite medicinal m\u00e1s utilizado con fines para tratar ciertas enfermedades o aliviar ciertos s\u00edntomas.","breadcrumb":{"@id":"https:\/\/andennaturals.com\/blog\/evidencia\/cannabis-medicinal-6-enfermedades-cronicas\/#breadcrumb"},"inLanguage":"es","potentialAction":[{"@type":"ReadAction","target":["https:\/\/andennaturals.com\/blog\/evidencia\/cannabis-medicinal-6-enfermedades-cronicas\/"]}]},{"@type":"BreadcrumbList","@id":"https:\/\/andennaturals.com\/blog\/evidencia\/cannabis-medicinal-6-enfermedades-cronicas\/#breadcrumb","itemListElement":[{"@type":"ListItem","position":1,"name":"Inicio","item":"https:\/\/andennaturals.com\/blog\/"},{"@type":"ListItem","position":2,"name":"Evidencia","item":"https:\/\/andennaturals.com\/blog\/category\/evidencia\/"},{"@type":"ListItem","position":3,"name":"Cannabis Medicinal: Enfermedades cr\u00f3nicas"}]},{"@type":"WebSite","@id":"https:\/\/andennaturals.com\/blog\/#website","url":"https:\/\/andennaturals.com\/blog\/","name":"ANDEN - Naturals","description":"Una descripci\u00f3n del sitio web","publisher":{"@id":"https:\/\/andennaturals.com\/blog\/#organization"},"potentialAction":[{"@type":"SearchAction","target":{"@type":"EntryPoint","urlTemplate":"https:\/\/andennaturals.com\/blog\/?s={search_term_string}"},"query-input":"required name=search_term_string"}],"inLanguage":"es"},{"@type":"Organization","@id":"https:\/\/andennaturals.com\/blog\/#organization","name":"ANDEN - Naturals","url":"https:\/\/andennaturals.com\/blog\/","logo":{"@type":"ImageObject","inLanguage":"es","@id":"https:\/\/andennaturals.com\/blog\/#\/schema\/logo\/image\/","url":"https:\/\/andennaturals.com\/blog\/wp-content\/uploads\/2021\/04\/logo.svg","contentUrl":"https:\/\/andennaturals.com\/blog\/wp-content\/uploads\/2021\/04\/logo.svg","caption":"ANDEN - Naturals"},"image":{"@id":"https:\/\/andennaturals.com\/blog\/#\/schema\/logo\/image\/"}},{"@type":"Person","@id":"https:\/\/andennaturals.com\/blog\/#\/schema\/person\/2e09f934230a083175782a6a1dd4298b","name":"Anden Naturals","image":{"@type":"ImageObject","inLanguage":"es","@id":"https:\/\/andennaturals.com\/blog\/#\/schema\/person\/image\/","url":"https:\/\/secure.gravatar.com\/avatar\/2436310e2e3a6ebc8d06c54c27e19d21?s=96&d=mm&r=g","contentUrl":"https:\/\/secure.gravatar.com\/avatar\/2436310e2e3a6ebc8d06c54c27e19d21?s=96&d=mm&r=g","caption":"Anden Naturals"},"url":"https:\/\/andennaturals.com\/blog\/author\/anden-naturals\/"}]}},"uagb_featured_image_src":{"full":["https:\/\/andennaturals.com\/blog\/wp-content\/uploads\/2022\/03\/anden-portada.jpg",850,565,false],"thumbnail":["https:\/\/andennaturals.com\/blog\/wp-content\/uploads\/2022\/03\/anden-portada-150x150.jpg",150,150,true],"medium":["https:\/\/andennaturals.com\/blog\/wp-content\/uploads\/2022\/03\/anden-portada-300x199.jpg",300,199,true],"medium_large":["https:\/\/andennaturals.com\/blog\/wp-content\/uploads\/2022\/03\/anden-portada-768x510.jpg",750,498,true],"large":["https:\/\/andennaturals.com\/blog\/wp-content\/uploads\/2022\/03\/anden-portada.jpg",750,499,false],"1536x1536":["https:\/\/andennaturals.com\/blog\/wp-content\/uploads\/2022\/03\/anden-portada.jpg",850,565,false],"2048x2048":["https:\/\/andennaturals.com\/blog\/wp-content\/uploads\/2022\/03\/anden-portada.jpg",850,565,false],"ultp_layout_landscape_large":["https:\/\/andennaturals.com\/blog\/wp-content\/uploads\/2022\/03\/anden-portada.jpg",850,565,false],"ultp_layout_landscape":["https:\/\/andennaturals.com\/blog\/wp-content\/uploads\/2022\/03\/anden-portada.jpg",850,565,false],"ultp_layout_portrait":["https:\/\/andennaturals.com\/blog\/wp-content\/uploads\/2022\/03\/anden-portada-600x565.jpg",600,565,true],"ultp_layout_square":["https:\/\/andennaturals.com\/blog\/wp-content\/uploads\/2022\/03\/anden-portada-600x565.jpg",600,565,true],"authorship-box-avatar":["https:\/\/andennaturals.com\/blog\/wp-content\/uploads\/2022\/03\/anden-portada-150x150.jpg",150,150,true],"authorship-box-related":["https:\/\/andennaturals.com\/blog\/wp-content\/uploads\/2022\/03\/anden-portada-70x70.jpg",70,70,true],"hestia-blog":["https:\/\/andennaturals.com\/blog\/wp-content\/uploads\/2022\/03\/anden-portada-360x240.jpg",360,240,true]},"uagb_author_info":{"display_name":"Anden Naturals","author_link":"https:\/\/andennaturals.com\/blog\/author\/anden-naturals\/"},"uagb_comment_info":0,"uagb_excerpt":"Enfermedades cr\u00f3nicas tratadas por el CANNABIS MEDICINAL \u00bfQu\u00e9 pacientes pueden consumir productos derivados de Cannabis para uso medicinal? Seg\u00fan la evidencia cient\u00edfica (1, 2)se describe que el efecto beneficioso del cannabis para algunas condiciones m\u00e9dicas puede ser concluyente, sustancial, moderado y limitado. A continuaci\u00f3n se describen las condiciones m\u00e9dicas o","_links":{"self":[{"href":"https:\/\/andennaturals.com\/blog\/wp-json\/wp\/v2\/posts\/1960"}],"collection":[{"href":"https:\/\/andennaturals.com\/blog\/wp-json\/wp\/v2\/posts"}],"about":[{"href":"https:\/\/andennaturals.com\/blog\/wp-json\/wp\/v2\/types\/post"}],"author":[{"embeddable":true,"href":"https:\/\/andennaturals.com\/blog\/wp-json\/wp\/v2\/users\/16"}],"replies":[{"embeddable":true,"href":"https:\/\/andennaturals.com\/blog\/wp-json\/wp\/v2\/comments?post=1960"}],"version-history":[{"count":27,"href":"https:\/\/andennaturals.com\/blog\/wp-json\/wp\/v2\/posts\/1960\/revisions"}],"predecessor-version":[{"id":2110,"href":"https:\/\/andennaturals.com\/blog\/wp-json\/wp\/v2\/posts\/1960\/revisions\/2110"}],"wp:featuredmedia":[{"embeddable":true,"href":"https:\/\/andennaturals.com\/blog\/wp-json\/wp\/v2\/media\/1981"}],"wp:attachment":[{"href":"https:\/\/andennaturals.com\/blog\/wp-json\/wp\/v2\/media?parent=1960"}],"wp:term":[{"taxonomy":"category","embeddable":true,"href":"https:\/\/andennaturals.com\/blog\/wp-json\/wp\/v2\/categories?post=1960"},{"taxonomy":"post_tag","embeddable":true,"href":"https:\/\/andennaturals.com\/blog\/wp-json\/wp\/v2\/tags?post=1960"}],"curies":[{"name":"wp","href":"https:\/\/api.w.org\/{rel}","templated":true}]}}